{"id":79508,"date":"2024-02-28T00:00:11","date_gmt":"2024-02-28T03:00:11","guid":{"rendered":"https:\/\/www.radioamigavallenar.cl\/?p=79508"},"modified":"2024-02-27T20:11:30","modified_gmt":"2024-02-27T23:11:30","slug":"slep-atacama-busca-autorizar-el-uso-de-caja-chica-en-establecimientos","status":"publish","type":"post","link":"https:\/\/www.radioamigavallenar.cl\/?p=79508","title":{"rendered":"SLEP Atacama busca autorizar el uso de caja chica en establecimientos"},"content":{"rendered":"<p>SLEP Atacama inici\u00f3 ayer el aseo industrial en todos los establecimientos del Servicio Local, y desde este jueves comienza el proceso de control de plagas en los establecimientos que lo necesitan, para que, al viernes 1 de marzo, d\u00eda en que ingresan los equipos de docentes, los establecimientos cuenten con las condiciones m\u00ednimas para su funcionamiento y posterior ingreso de los estudiantes.<\/p>\n<p>La directora suplente del SLEP Atacama, Cecilia Brito, destac\u00f3 que \u201cestamos desplegando todos nuestros esfuerzos, en coordinaci\u00f3n con SLEP, DEP y el apoyo del Ministerio, para contar con las condiciones que posibiliten un normal inicio de a\u00f1o escolar. Hay intervenciones que est\u00e1n pendientes, obras puntuales, absolutamente abordables, pero que siguen pendientes, y sobre ellas estamos realizando todas las gestiones posibles para que se realicen y no obstruyan el inicio de clases\u201d.<\/p>\n<p>Asimismo, Brit\u00f3 explic\u00f3 que se enviar\u00e1 a Contralor\u00eda un requerimiento para que autorice a directores de los establecimientos del Servicio Local a hacer uso de una caja chica para algunos gastos.<\/p>\n<p>\u201cEsto ha sido muy demandado por los directores de las escuelas, quienes hasta ahora no pod\u00edan acceder a una soluci\u00f3n as\u00ed que les permitiera, por ejemplo, poder reemplazar una chapa de una puerta, o un vidrio roto, y dar soluciones r\u00e1pidas a la comunidad. Esta caja chica es de 10 UTM y se podr\u00e1 hacer uso hasta 10 veces en el a\u00f1o; es decir, hasta 100 UTM\u201d, explic\u00f3 Cecilia Brito.<\/p>\n","protected":false},"excerpt":{"rendered":"<p>SLEP Atacama inici\u00f3 ayer el aseo industrial en todos los establecimientos del Servicio Local, y desde este jueves comienza el proceso de control de plagas&hellip; <\/p>\n","protected":false},"author":2,"featured_media":0,"comment_status":"open","ping_status":"closed","sticky":false,"template":"","format":"standard","meta":{"footnotes":""},"categories":[7],"tags":[],"class_list":["post-79508","post","type-post","status-publish","format-standard","hentry","category-atacama"],"_links":{"self":[{"href":"https:\/\/www.radioamigavallenar.cl\/index.php?rest_route=\/wp\/v2\/posts\/79508","targetHints":{"allow":["GET"]}}],"collection":[{"href":"https:\/\/www.radioamigavallenar.cl\/index.php?rest_route=\/wp\/v2\/posts"}],"about":[{"href":"https:\/\/www.radioamigavallenar.cl\/index.php?rest_route=\/wp\/v2\/types\/post"}],"author":[{"embeddable":true,"href":"https:\/\/www.radioamigavallenar.cl\/index.php?rest_route=\/wp\/v2\/users\/2"}],"replies":[{"embeddable":true,"href":"https:\/\/www.radioamigavallenar.cl\/index.php?rest_route=%2Fwp%2Fv2%2Fcomments&post=79508"}],"version-history":[{"count":1,"href":"https:\/\/www.radioamigavallenar.cl\/index.php?rest_route=\/wp\/v2\/posts\/79508\/revisions"}],"predecessor-version":[{"id":79510,"href":"https:\/\/www.radioamigavallenar.cl\/index.php?rest_route=\/wp\/v2\/posts\/79508\/revisions\/79510"}],"wp:attachment":[{"href":"https:\/\/www.radioamigavallenar.cl\/index.php?rest_route=%2Fwp%2Fv2%2Fmedia&parent=79508"}],"wp:term":[{"taxonomy":"category","embeddable":true,"href":"https:\/\/www.radioamigavallenar.cl\/index.php?rest_route=%2Fwp%2Fv2%2Fcategories&post=79508"},{"taxonomy":"post_tag","embeddable":true,"href":"https:\/\/www.radioamigavallenar.cl\/index.php?rest_route=%2Fwp%2Fv2%2Ftags&post=79508"}],"curies":[{"name":"wp","href":"https:\/\/api.w.org\/{rel}","templated":true}]}}