{"id":7929,"date":"2017-12-27T22:27:26","date_gmt":"2017-12-28T01:27:26","guid":{"rendered":"http:\/\/www.radioamigavallenar.cl\/?p=7929"},"modified":"2017-12-27T22:28:17","modified_gmt":"2017-12-28T01:28:17","slug":"el-arbitro-fue-a-golpear-la-puerta-de-un-camarin-vacio","status":"publish","type":"post","link":"https:\/\/www.radioamigavallenar.cl\/?p=7929","title":{"rendered":"El \u00e1rbitro fue a golpear la puerta de un camar\u00edn vac\u00edo: As\u00ed fue la bochornosa definici\u00f3n"},"content":{"rendered":"<p style=\"text-align: center;\"><a href=\"http:\/\/www.radioamigavallenar.cl\/wp-content\/uploads\/2017\/12\/POTROS-SERENA.jpg\"><img loading=\"lazy\" decoding=\"async\" class=\"alignnone size-medium wp-image-7930\" src=\"http:\/\/www.radioamigavallenar.cl\/wp-content\/uploads\/2017\/12\/POTROS-SERENA-300x170.jpg\" alt=\"POTROS SERENA\" width=\"300\" height=\"170\" srcset=\"https:\/\/www.radioamigavallenar.cl\/wp-content\/uploads\/2017\/12\/POTROS-SERENA-300x170.jpg 300w, https:\/\/www.radioamigavallenar.cl\/wp-content\/uploads\/2017\/12\/POTROS-SERENA.jpg 700w\" sizes=\"auto, (max-width: 300px) 100vw, 300px\" \/><\/a><\/p>\n<p style=\"text-align: justify;\">Bochonorso. Incre\u00edble. Escandaloso. As\u00ed y de muchas otras formas se puede describir lo que ocurri\u00f3 este mi\u00e9rcoles en la definici\u00f3n del ascenso a la Primera B.<\/p>\n<p style=\"text-align: justify;\">Deportes Vallenar no se present\u00f3 a la pol\u00e9mica repetici\u00f3n de los penales en el estadio La Portada y Melipilla se qued\u00f3 con la serie de la Segunda Divisi\u00f3n profesional.<\/p>\n<p style=\"text-align: justify;\">A eso de las 11 de la ma\u00f1ana el elenco que dirige Carlos Encinas lleg\u00f3 hasta el recinto de la Cuarta regi\u00f3n para participar de la serie que fue anulada por un grueso error del \u00e1rbitro Eduardo Gamboa.<\/p>\n<p style=\"text-align: justify;\">Los \u201cPotros\u201d se instalaron en uno de los vestuarios para comenzar a preparar la definici\u00f3n, mientras el cuerpo t\u00e9cnico recorr\u00eda la cancha en que se iba a llevar a cabo la ejecuci\u00f3n.<\/p>\n<p style=\"text-align: justify;\">Pero la hora avanzaba y no hab\u00edan se\u00f1ales de Vallenar, que ya hab\u00eda anticipado que no se presentar\u00eda a la tanda de penales. Ya eran las 11:20 y ni rastros del campe\u00f3n de la Segunda Divisi\u00f3n.<\/p>\n<p style=\"text-align: justify;\">Los \u00e1rbitros ya estaban en La Portada y comunicaban que a las 11:45 era el \u00faltimo plazo para la presentaci\u00f3n de Los \u201cVerdes\u201d. Sin embargo, se cumpl\u00eda la hora y ni se\u00f1ales del equipo.<\/p>\n<p style=\"text-align: justify;\">Mientras todo pasaba, los jugadores de Melipilla se preparaban para la serie desde los doce pasos en el t\u00fanel del estadio. Luego regresaban a su vestuario para las \u00faltimas indicaciones del DT.<\/p>\n<p style=\"text-align: justify;\">Ya eran las 12:00 y definitivamente Vallenar no se presentaba, por ende, el \u00e1rbitro Roberto Tobar comenzaba con el protocolo de rigor.<\/p>\n<p style=\"text-align: justify;\">Primero fue al camar\u00edn de los \u201cPotros\u201d para que los futbolistas firmaran la planilla. Acto seguido se dirig\u00eda por uno de los pasillos del recinto para llegar al otro vestuario.<\/p>\n<p style=\"text-align: justify;\">Tobar, tal como lo indica el protocolo, se detiene, golpea la puerta del camar\u00edn y espera a ver si hab\u00eda alguna respuesta del interior. Pero claro, nunca la hubo si no hab\u00eda nadie.<\/p>\n<p style=\"text-align: justify;\">El juez abre la puerta, recorre todo el vestuario, revisa bien para asegurarse que est\u00e1 vac\u00edo y luego cierra la puerta para dirigirse hacia el sector de los \u00e1rbitros.<\/p>\n<p style=\"text-align: justify;\">Tobar informa al encargado de competiciones, elabora su informe y luego va hasta el camar\u00edn de Melipilla para declarar a dicho equipo como ganador de la serie.<\/p>\n<p style=\"text-align: justify;\">Los abrazos no se hacen esperar en los \u201cPotros\u201d, la alegr\u00eda por el ascenso se deja ver, incluso, algunos gritos de felicidad por el objetivo, que claro, se cumpl\u00eda en medio de un verdadero bochorno.<\/p>\n<p style=\"text-align: justify;\">Ya m\u00e1s tarde, los jugadores de Melipilla salieron a la cancha del estadio, se sacaron la fotograf\u00eda de rigor y recibieron la \u00faltima charla de su t\u00e9cnico antes de partir de vacaciones.<\/p>\n<p style=\"text-align: justify;\">El objetivo estaba logrado, el ascenso a Primera B estaba sentenciado. Ahora habr\u00e1 que esperar para ver si Vallenar va al TAS. La teleserie escribe otro cap\u00edtulo, pero parece lejos de terminar.<\/p>\n<p style=\"text-align: justify;\">Fuente: Emol.com<\/p>\n","protected":false},"excerpt":{"rendered":"<p>Bochonorso. Incre\u00edble. Escandaloso. As\u00ed y de muchas otras formas se puede describir lo que ocurri\u00f3 este mi\u00e9rcoles en la definici\u00f3n del ascenso a la Primera&hellip; <\/p>\n","protected":false},"author":2,"featured_media":7930,"comment_status":"open","ping_status":"closed","sticky":false,"template":"","format":"standard","meta":{"footnotes":""},"categories":[8],"tags":[],"class_list":["post-7929","post","type-post","status-publish","format-standard","has-post-thumbnail","hentry","category-deportes"],"_links":{"self":[{"href":"https:\/\/www.radioamigavallenar.cl\/index.php?rest_route=\/wp\/v2\/posts\/7929","targetHints":{"allow":["GET"]}}],"collection":[{"href":"https:\/\/www.radioamigavallenar.cl\/index.php?rest_route=\/wp\/v2\/posts"}],"about":[{"href":"https:\/\/www.radioamigavallenar.cl\/index.php?rest_route=\/wp\/v2\/types\/post"}],"author":[{"embeddable":true,"href":"https:\/\/www.radioamigavallenar.cl\/index.php?rest_route=\/wp\/v2\/users\/2"}],"replies":[{"embeddable":true,"href":"https:\/\/www.radioamigavallenar.cl\/index.php?rest_route=%2Fwp%2Fv2%2Fcomments&post=7929"}],"version-history":[{"count":0,"href":"https:\/\/www.radioamigavallenar.cl\/index.php?rest_route=\/wp\/v2\/posts\/7929\/revisions"}],"wp:featuredmedia":[{"embeddable":true,"href":"https:\/\/www.radioamigavallenar.cl\/index.php?rest_route=\/wp\/v2\/media\/7930"}],"wp:attachment":[{"href":"https:\/\/www.radioamigavallenar.cl\/index.php?rest_route=%2Fwp%2Fv2%2Fmedia&parent=7929"}],"wp:term":[{"taxonomy":"category","embeddable":true,"href":"https:\/\/www.radioamigavallenar.cl\/index.php?rest_route=%2Fwp%2Fv2%2Fcategories&post=7929"},{"taxonomy":"post_tag","embeddable":true,"href":"https:\/\/www.radioamigavallenar.cl\/index.php?rest_route=%2Fwp%2Fv2%2Ftags&post=7929"}],"curies":[{"name":"wp","href":"https:\/\/api.w.org\/{rel}","templated":true}]}}