{"id":79213,"date":"2024-02-20T00:00:09","date_gmt":"2024-02-20T03:00:09","guid":{"rendered":"https:\/\/www.radioamigavallenar.cl\/?p=79213"},"modified":"2024-02-19T21:59:53","modified_gmt":"2024-02-20T00:59:53","slug":"ejecutivos-de-agua-sol-anuncian-nueva-etapa-a-autoridades-regionales-sobre-proyecto-multiclientes-enapac","status":"publish","type":"post","link":"https:\/\/www.radioamigavallenar.cl\/?p=79213","title":{"rendered":"Ejecutivos de Agua-Sol anuncian nueva etapa a autoridades regionales sobre proyecto multiclientes ENAPAC"},"content":{"rendered":"<p>Hasta la regi\u00f3n de Atacama y en especial a las comunas de Caldera y Copiap\u00f3 se dirigi\u00f3 el equipo gerencial de Agua-Sol, filial de la empresa Solaer, para realizar una visita a los terrenos en donde ser\u00e1 construida la planta desaladora m\u00e1s grande de la regi\u00f3n, con una planta fotovoltaica de 150 MW m\u00e1s bater\u00eda de almacenamiento y un reservorio de 592.000 metros c\u00fabicos, suficientes para abastecer en casos de emergencias.<\/p>\n<p>La desaladora ENAPAC, que se autoabastece de energ\u00eda renovable, es un proyecto \u00fanico y que buscar\u00e1 abastecer de agua industrial a m\u00faltiples clientes de la miner\u00eda en la regi\u00f3n, liberando las aguas continentales, de salares y humedales, para el consumo humano y agr\u00edcola, conservando la flora y fauna de la regi\u00f3n para las futuras generaciones. Enapac es un proyecto con responsabilidad socioambiental y teniendo como prop\u00f3sito central ser un aporte al desarrollo econ\u00f3mico sustentable de la regi\u00f3n de Atacama.<\/p>\n<p>Enrique Valdivieso Vald\u00e9s, Gerente General, se\u00f1al\u00f3 \u201cEl proyecto considerar\u00e1 realizar aportes para mejorar la calidad de vida y el desarrollo de actividades productivas, con \u201cagua verde, 100% renovable\u201d. Proyectos como este, demoran entre 10 a 12 a\u00f1os en su desarrollo, con una inversi\u00f3n que superar\u00e1 los $1.300 millones de d\u00f3lares. Este proyecto es pionero en la regi\u00f3n siendo una soluci\u00f3n que busca apoyar a la miner\u00eda generando la econom\u00eda de escala necesaria para que las minas locales puedan dar la transici\u00f3n de liberar el agua continental que tanto se necesita en la poblaci\u00f3n y econom\u00eda local. Estamos trabajando responsablemente en el proceso para obtener la RCA de Ruta Este, la cual llegar\u00e1 con agua desalada hasta el sector cordillerano de la comuna de Copiap\u00f3. El resto del proyecto ya cuenta con la concesi\u00f3n marina, las RCA aprobadas, que comprende la desaladora, ductos de alimentaci\u00f3n del reservorio y l\u00ednea norte. De todos los proyectos que hoy hay en Chile, este es el m\u00e1s avanzado y debiera ser el primero en ser construido\u201d.<\/p>\n<p>Durante el desarrollo de la visita a la regi\u00f3n y dando continuidad a su proceso de reuniones con autoridades regionales destaca la realizada junto al Delegado Presidencia Regional de Atacama, Sr. Luis Pino Palacios, quien se\u00f1al\u00f3 \u201ccomo gobierno del Presidente Gabriel Boric, esperamos que este proyecto sea un aporte a nuestra regi\u00f3n; no solo en la generaci\u00f3n de puestos de trabajo, sino que adem\u00e1s impulsando acciones concretas, como la generaci\u00f3n de energ\u00eda renovable y el cuidado del recurso h\u00eddrico en nuestra regi\u00f3n. Hoy y de manera hist\u00f3rica, estamos abriendo espacios a transformaciones que nos permita conducir a operaciones cada vez m\u00e1s sustentables y en equilibrio con nuestras comunidades y territorios. Y dando paso a industrias que son y ser\u00e1n claves en el desarrollo sustentable, como el litio o la implementaci\u00f3n de nuevas plantas desalinizadoras, que son vitales para contrarrestar los efectos de la crisis h\u00eddrica en nuestra regi\u00f3n\u201d. Enfatiz\u00f3 el representante del ejecutivo en la regi\u00f3n.<\/p>\n<p>Por su parte, Felipe Pizarro Vild\u00f3sola, Gerente de Finanzas de Agua-Sol mencion\u00f3 \u201cestamos con un equipo muy comprometido, hemos contratado y nos encontramos colaborando con empresas l\u00edderes en permisolog\u00eda, ingenier\u00eda, derecho ambiental, estructuraci\u00f3n financiera, construcci\u00f3n y operaci\u00f3n, por lo que no nos cabe duda de que seremos la pr\u00f3xima desaladora en ser construida de la regi\u00f3n y del pa\u00eds dando una soluci\u00f3n real al desarrollo minero de la regi\u00f3n de Atacama con un enfoque multicliente\u201d<\/p>\n<p>Finalmente, hay que destacar que el proyecto se encuentra en las \u00faltimas etapas para continuar con el proceso de construcci\u00f3n en donde ser\u00e1 prioridad la contrataci\u00f3n de mano de obra y proveedores locales de Caldera, Copiap\u00f3 y otras comunas de la regi\u00f3n de Atacama.<\/p>\n","protected":false},"excerpt":{"rendered":"<p>Hasta la regi\u00f3n de Atacama y en especial a las comunas de Caldera y Copiap\u00f3 se dirigi\u00f3 el equipo gerencial de Agua-Sol, filial de la&hellip; <\/p>\n","protected":false},"author":2,"featured_media":79214,"comment_status":"open","ping_status":"closed","sticky":false,"template":"","format":"standard","meta":{"footnotes":""},"categories":[7],"tags":[],"class_list":["post-79213","post","type-post","status-publish","format-standard","has-post-thumbnail","hentry","category-atacama"],"_links":{"self":[{"href":"https:\/\/www.radioamigavallenar.cl\/index.php?rest_route=\/wp\/v2\/posts\/79213","targetHints":{"allow":["GET"]}}],"collection":[{"href":"https:\/\/www.radioamigavallenar.cl\/index.php?rest_route=\/wp\/v2\/posts"}],"about":[{"href":"https:\/\/www.radioamigavallenar.cl\/index.php?rest_route=\/wp\/v2\/types\/post"}],"author":[{"embeddable":true,"href":"https:\/\/www.radioamigavallenar.cl\/index.php?rest_route=\/wp\/v2\/users\/2"}],"replies":[{"embeddable":true,"href":"https:\/\/www.radioamigavallenar.cl\/index.php?rest_route=%2Fwp%2Fv2%2Fcomments&post=79213"}],"version-history":[{"count":1,"href":"https:\/\/www.radioamigavallenar.cl\/index.php?rest_route=\/wp\/v2\/posts\/79213\/revisions"}],"predecessor-version":[{"id":79215,"href":"https:\/\/www.radioamigavallenar.cl\/index.php?rest_route=\/wp\/v2\/posts\/79213\/revisions\/79215"}],"wp:featuredmedia":[{"embeddable":true,"href":"https:\/\/www.radioamigavallenar.cl\/index.php?rest_route=\/wp\/v2\/media\/79214"}],"wp:attachment":[{"href":"https:\/\/www.radioamigavallenar.cl\/index.php?rest_route=%2Fwp%2Fv2%2Fmedia&parent=79213"}],"wp:term":[{"taxonomy":"category","embeddable":true,"href":"https:\/\/www.radioamigavallenar.cl\/index.php?rest_route=%2Fwp%2Fv2%2Fcategories&post=79213"},{"taxonomy":"post_tag","embeddable":true,"href":"https:\/\/www.radioamigavallenar.cl\/index.php?rest_route=%2Fwp%2Fv2%2Ftags&post=79213"}],"curies":[{"name":"wp","href":"https:\/\/api.w.org\/{rel}","templated":true}]}}