{"id":79207,"date":"2024-02-19T12:55:58","date_gmt":"2024-02-19T15:55:58","guid":{"rendered":"https:\/\/www.radioamigavallenar.cl\/?p=79207"},"modified":"2024-02-19T12:55:58","modified_gmt":"2024-02-19T15:55:58","slug":"permiso-de-circulacion-2024-cuanto-se-paga-por-cada-vehiculo-fechas-y-que-multas-hay-si-conduzco-sin-el-documento","status":"publish","type":"post","link":"https:\/\/www.radioamigavallenar.cl\/?p=79207","title":{"rendered":"Permiso de circulaci\u00f3n 2024: cu\u00e1nto se paga por cada veh\u00edculo, fechas y qu\u00e9 multas hay si conduzco sin el documento"},"content":{"rendered":"<p>Iniciado el 2024 y con marzo acerc\u00e1ndose, llega el momento de realizar\u00a0el proceso obligatorio de renovaci\u00f3n del Permiso de Circulaci\u00f3n. Este se puede realizar en las distintas Municipalidades de Chile y permite el tr\u00e1nsito legal de los medios de transporte motorizados.<\/p>\n<p>Para obtener el permiso de circulaci\u00f3n 2024 se necesita de una serie de documentos, los que van a depender si se requiere renovar para un veh\u00edculo antiguo o sacarlo para un veh\u00edculo nuevo. Sin embargo, uno de los puntos m\u00e1s importantes, antes de realizar este tr\u00e1mite, es verificar que el auto no tenga deudas impagas y\u00a0conocer a cu\u00e1les son las sanciones por no pagar el permiso.<\/p>\n<div class=\"cnt-txt\">\n<h3><mark class=\"hl_yellow\">\u00bfCu\u00e1nto hay que pagar por el permiso de circulaci\u00f3n 2024?<\/mark><\/h3>\n<p>El<a href=\"https:\/\/homer.sii.cl\/\" target=\"_blank\" rel=\"noopener noreferrer\">\u00a0Servicio de Impuestos Internos (SII)<\/a>\u00a0hace algunas semanas public\u00f3 la tasaci\u00f3n fiscal de veh\u00edculos motorizados de este 2024. Con esto se puede\u00a0calcular el valor de este permiso dependiendo del tipo de transporte motorizado.<\/p>\n<p>En el sitio web del SII se puede\u00a0calcular el valor a pagar.\u00a0Se debe seleccionar el a\u00f1o, la categor\u00eda de veh\u00edculo y filtrar la b\u00fasqueda por el modelo del autom\u00f3vil.<\/p>\n<h3 style=\"text-align: center;\"><mark class=\"hl_yellow\">\u00bfCu\u00e1ndo se paga el permiso de circulaci\u00f3n?<\/mark><\/h3>\n<p>Seg\u00fan se inform\u00f3, el tr\u00e1mite tiene un rango de fechas que van entre el pasado\u00a0jueves 1 de febrero y el domingo 31 de marzo de 2024.<\/p>\n<p>Este calendario aplica para autos particulares, motos, y\/o furgones. Mientras que para\u00a0taxis o buses tendr\u00e1n hasta el viernes 31 de mayo de 2024.<\/p>\n<p><mark class=\"hl_yellow\">Importante:<\/mark>\u00a0para realizar el tr\u00e1mite no se deben tener multas impagas en el\u00a0<a href=\"https:\/\/www.registrocivil.cl\/principal\/servicios-en-linea\/multas-de-transito-no-pagadas\" target=\"_blank\" rel=\"noopener noreferrer\">Registro de Multas del Registro Civil.<\/a><\/p>\n<h3 style=\"text-align: center;\"><mark class=\"hl_yellow\">\u00bfA qu\u00e9 multas me arriesgo si no hago el tr\u00e1mite?<\/mark><\/h3>\n<p>La persona que no realice el tr\u00e1mite podr\u00eda enfrentar\u00a0una multa que va entre 1 y 1,5 UTM (Unidad Tributaria Mensual). Una cifra que se traduce entre $64.343 y $96.515 a febrero de 2024.<\/p>\n<p>Tambi\u00e9n, de\u00a0no pagar en el plazo, al momento de renovar su patente se le aplicar\u00e1\u00a0una multa correspondiente al 1,5% del valor del permiso\u00a0respectivo por mes de atraso, que se calcula junto al IPC.<\/p>\n<p>Adem\u00e1s, si se transita sin permiso de circulaci\u00f3n 2024,\u00a0la polic\u00eda est\u00e1 facultada para retirar de circulaci\u00f3n el autom\u00f3vil\u00a0que transite sin la documentaci\u00f3n respectiva.<\/p>\n<\/div>\n<div class=\"tags e-4\"><\/div>\n","protected":false},"excerpt":{"rendered":"<p>Iniciado el 2024 y con marzo acerc\u00e1ndose, llega el momento de realizar\u00a0el proceso obligatorio de renovaci\u00f3n del Permiso de Circulaci\u00f3n. Este se puede realizar en&hellip; <\/p>\n","protected":false},"author":2,"featured_media":79208,"comment_status":"open","ping_status":"closed","sticky":false,"template":"","format":"standard","meta":{"footnotes":""},"categories":[37],"tags":[],"class_list":["post-79207","post","type-post","status-publish","format-standard","has-post-thumbnail","hentry","category-nacional"],"_links":{"self":[{"href":"https:\/\/www.radioamigavallenar.cl\/index.php?rest_route=\/wp\/v2\/posts\/79207","targetHints":{"allow":["GET"]}}],"collection":[{"href":"https:\/\/www.radioamigavallenar.cl\/index.php?rest_route=\/wp\/v2\/posts"}],"about":[{"href":"https:\/\/www.radioamigavallenar.cl\/index.php?rest_route=\/wp\/v2\/types\/post"}],"author":[{"embeddable":true,"href":"https:\/\/www.radioamigavallenar.cl\/index.php?rest_route=\/wp\/v2\/users\/2"}],"replies":[{"embeddable":true,"href":"https:\/\/www.radioamigavallenar.cl\/index.php?rest_route=%2Fwp%2Fv2%2Fcomments&post=79207"}],"version-history":[{"count":1,"href":"https:\/\/www.radioamigavallenar.cl\/index.php?rest_route=\/wp\/v2\/posts\/79207\/revisions"}],"predecessor-version":[{"id":79209,"href":"https:\/\/www.radioamigavallenar.cl\/index.php?rest_route=\/wp\/v2\/posts\/79207\/revisions\/79209"}],"wp:featuredmedia":[{"embeddable":true,"href":"https:\/\/www.radioamigavallenar.cl\/index.php?rest_route=\/wp\/v2\/media\/79208"}],"wp:attachment":[{"href":"https:\/\/www.radioamigavallenar.cl\/index.php?rest_route=%2Fwp%2Fv2%2Fmedia&parent=79207"}],"wp:term":[{"taxonomy":"category","embeddable":true,"href":"https:\/\/www.radioamigavallenar.cl\/index.php?rest_route=%2Fwp%2Fv2%2Fcategories&post=79207"},{"taxonomy":"post_tag","embeddable":true,"href":"https:\/\/www.radioamigavallenar.cl\/index.php?rest_route=%2Fwp%2Fv2%2Ftags&post=79207"}],"curies":[{"name":"wp","href":"https:\/\/api.w.org\/{rel}","templated":true}]}}