{"id":79204,"date":"2024-02-19T12:53:31","date_gmt":"2024-02-19T15:53:31","guid":{"rendered":"https:\/\/www.radioamigavallenar.cl\/?p=79204"},"modified":"2024-02-19T12:53:31","modified_gmt":"2024-02-19T15:53:31","slug":"exministro-jackson-y-directora-de-presupuestos-javiera-martinez-declaran-esta-semana-ante-fiscal-jefe-de-antofagasta-por-caso-fundaciones","status":"publish","type":"post","link":"https:\/\/www.radioamigavallenar.cl\/?p=79204","title":{"rendered":"Exministro Jackson y directora de Presupuestos, Javiera Mart\u00ednez, declaran esta semana ante fiscal jefe de Antofagasta por Caso Fundaciones"},"content":{"rendered":"<p>El\u00a0exministro de Desarrollo Social, Giorgio Jackson,\u00a0y la\u00a0directora de Presupuestos, Javiera Mart\u00ednez, ambos militantes de\u00a0Revoluci\u00f3n Democr\u00e1tica, declarar\u00e1n en calidad de\u00a0imputados\u00a0por la arista\u00a0Democracia Viva\u00a0del\u00a0caso Fundaciones.<\/p>\n<p>De acuerdo a informaci\u00f3n de\u00a0<a href=\"https:\/\/www.latercera.com\/politica\/noticia\/lios-de-platas-giorgio-jackson-y-javiera-martinez-declaran-esta-semana-ante-fiscal-aguilar\/DXYCQO7SPVEMZGYYTTHPOBS5RI\/\" target=\"_blank\" rel=\"noopener noreferrer\">La Tercera<\/a>, la declaraci\u00f3n se enmarca en la querella presentada por los\u00a0diputados republicanos Juan Irarr\u00e1zaval y Cristi\u00e1n Araya:\u00a0en el caso de\u00a0Jackson,\u00a0se debe a la titularidad que ten\u00eda del\u00a0ministerio Secretar\u00eda General de la Presidencia (Segpres),\u00a0la que, de acuerdo al matutino, incide en el\u00a0Consejo de Auditor\u00eda Interna General de Gobierno (CAIGG),\u00a0la que habr\u00eda dictado una instrucci\u00f3n que \u201clos controles sobre el destino y uso de los fondos p\u00fablicos asignados mediante convenios\u201d, se lee en la publicaci\u00f3n.<\/p>\n<p>En la querella citada se lee:\u00a0\u201cTodo ello permiti\u00f3 la consumaci\u00f3n de m\u00faltiples il\u00edcitos,\u00a0entre ellos, aquellos que se investigan en la presente carpeta judicial\u201d.<\/p>\n<p>En cuanto a\u00a0Mart\u00ednez,\u00a0ella dict\u00f3 una resoluci\u00f3n que habilit\u00f3 la modificaci\u00f3n del presupuesto de la\u00a0Gobernaci\u00f3n Regional (GORE) de Antofagasta\u00a0para entregarle\u00a0$460 millones\u00a0a la cuestionada fundaci\u00f3n\u00a0ProCultura.\u00a0Esto, tras la habilitaci\u00f3n de la organizaci\u00f3n por parte del\u00a0subsecretario de Desarrollo Regional (Subdere), Miguel Crispi.\u00a0A ello se suman, de acuerdo a la misma querella, que\u00a0Mart\u00ednez\u00a0tendr\u00eda lazos con\u00a0Democracia Viva,\u00a0pues estuvo en el directorio de la\u00a0Fundaci\u00f3n Rumbo Colectivo\u00a0entre octubre de 2020 y marzo de 2022, la que habr\u00eda recibido aportes por parte de\u00a0Democracia Viva.<\/p>\n<p>La declaraci\u00f3n ocurrir\u00eda el pr\u00f3ximo jueves 22 de febrero, en las dependencias de la\u00a0Fiscal\u00eda Nacional,\u00a0ante el\u00a0fiscal jefe de Antofagasta, Cristi\u00e1n Aguilar.<\/p>\n","protected":false},"excerpt":{"rendered":"<p>El\u00a0exministro de Desarrollo Social, Giorgio Jackson,\u00a0y la\u00a0directora de Presupuestos, Javiera Mart\u00ednez, ambos militantes de\u00a0Revoluci\u00f3n Democr\u00e1tica, declarar\u00e1n en calidad de\u00a0imputados\u00a0por la arista\u00a0Democracia Viva\u00a0del\u00a0caso Fundaciones. De acuerdo&hellip; <\/p>\n","protected":false},"author":2,"featured_media":79205,"comment_status":"open","ping_status":"closed","sticky":false,"template":"","format":"standard","meta":{"footnotes":""},"categories":[37],"tags":[],"class_list":["post-79204","post","type-post","status-publish","format-standard","has-post-thumbnail","hentry","category-nacional"],"_links":{"self":[{"href":"https:\/\/www.radioamigavallenar.cl\/index.php?rest_route=\/wp\/v2\/posts\/79204","targetHints":{"allow":["GET"]}}],"collection":[{"href":"https:\/\/www.radioamigavallenar.cl\/index.php?rest_route=\/wp\/v2\/posts"}],"about":[{"href":"https:\/\/www.radioamigavallenar.cl\/index.php?rest_route=\/wp\/v2\/types\/post"}],"author":[{"embeddable":true,"href":"https:\/\/www.radioamigavallenar.cl\/index.php?rest_route=\/wp\/v2\/users\/2"}],"replies":[{"embeddable":true,"href":"https:\/\/www.radioamigavallenar.cl\/index.php?rest_route=%2Fwp%2Fv2%2Fcomments&post=79204"}],"version-history":[{"count":1,"href":"https:\/\/www.radioamigavallenar.cl\/index.php?rest_route=\/wp\/v2\/posts\/79204\/revisions"}],"predecessor-version":[{"id":79206,"href":"https:\/\/www.radioamigavallenar.cl\/index.php?rest_route=\/wp\/v2\/posts\/79204\/revisions\/79206"}],"wp:featuredmedia":[{"embeddable":true,"href":"https:\/\/www.radioamigavallenar.cl\/index.php?rest_route=\/wp\/v2\/media\/79205"}],"wp:attachment":[{"href":"https:\/\/www.radioamigavallenar.cl\/index.php?rest_route=%2Fwp%2Fv2%2Fmedia&parent=79204"}],"wp:term":[{"taxonomy":"category","embeddable":true,"href":"https:\/\/www.radioamigavallenar.cl\/index.php?rest_route=%2Fwp%2Fv2%2Fcategories&post=79204"},{"taxonomy":"post_tag","embeddable":true,"href":"https:\/\/www.radioamigavallenar.cl\/index.php?rest_route=%2Fwp%2Fv2%2Ftags&post=79204"}],"curies":[{"name":"wp","href":"https:\/\/api.w.org\/{rel}","templated":true}]}}