{"id":79197,"date":"2024-02-19T12:44:09","date_gmt":"2024-02-19T15:44:09","guid":{"rendered":"https:\/\/www.radioamigavallenar.cl\/?p=79197"},"modified":"2024-02-19T12:44:09","modified_gmt":"2024-02-19T15:44:09","slug":"ya-se-encuentra-reestablecida-la-conectividad-de-las-rutas-afectadas-por-el-ultimo-evento-climatologico","status":"publish","type":"post","link":"https:\/\/www.radioamigavallenar.cl\/?p=79197","title":{"rendered":"Ya se encuentra reestablecida la conectividad de las rutas afectadas por el \u00faltimo evento climatol\u00f3gico"},"content":{"rendered":"<p>Hasta los sectores del El Bolo y Pastos Grandes, ruta\u00a0 que conecta desde la Puerta hasta la Laguna Santa Rosa, lleg\u00f3\u00a0 el Seremi (s), Marco Ilabaca en compa\u00f1\u00eda del Director (s) de Vialidad, Guillermo Arra\u00f1o, para constatar en terreno, los trabajo realizados por la Direcci\u00f3n de Vialidad en los caminos afectados por el \u00faltimo evento climatol\u00f3gico.<\/p>\n<p>Cabe destacar que, desde ocurrida la emergencia los equipos de la Direcci\u00f3n Regional de Vialidad han trabajado diariamente para reestablecer la conectividad del sector, as\u00ed lo se\u00f1al\u00f3 el <strong>Seremi (s) Marco Ilabaca<\/strong>, \u201cpara nosotros, como Ministerio de Obras P\u00fablicas a trav\u00e9s de nuestra Direcci\u00f3n de Vialidad, es importante mantener la conectividad de todos nuestros caminos, llegando lo antes posible con maquinaria a los sectores que fueron afectados y entregar tranquilidad a los vecinos y sus comunidades. Como es costumbre, visitamos el sector para inspeccionar los trabajos realizados y adem\u00e1s para conversar con los vecinos que viven en el sector y que resultaron afectados\u201d.<\/p>\n<p>El <strong>Director (s) de Vialidad, Guillermo Arra\u00f1o<\/strong>, inform\u00f3, \u201clogramos despejar el camino hasta donde vive la \u00faltima familia, retiramos el barro en sectores donde hab\u00eda m\u00e1s de un metro de barro lo que genero dificultad para las maquinarias, ya que el barro se encontraba en forma licuosa, lo que da\u00f1\u00f3 uno de nuestros cargadores frontales, que debi\u00f3 ser bajado para poder recuperar el radiador. Afortunadamente pudimos constatar que ya se encuentra recuperada la conectividad en todas las comunidades del sector. Tambi\u00e9n logramos aperturar el camino que va hacia el sector de El volc\u00e1n y la Pepa, donde tambi\u00e9n estaba cerrado por efectos del aluvi\u00f3n. Respecto a la Ruta 31CH, ya est\u00e1 totalmente despejada, solo falta mejorar los da\u00f1os laterales del camino, limpiar y recuperar al m\u00e1ximo la plataforma original del camino, pero la conectividad se encuentra sin riesgo para el usuario, solo recomendamos transitar con precauci\u00f3n\u201d.<\/p>\n<p><strong>Juan Araya, vecino del sector Quebrada de Tapia,<\/strong> nos coment\u00f3 que, \u201cel d\u00eda jueves, de repente se nubl\u00f3 y se escucharon rel\u00e1mpagos y truenos pero nunca pensamos que bajar\u00eda agua. Justo cuando est\u00e1bamos guardando nuestros animales, nos percatamos que ven\u00eda el agua, pero mucha agua y barro y en ese momento pensamos que se nos pod\u00eda salir del camino y llevarse la casa una vez m\u00e1s. Gracias a Dios a medida que pas\u00f3 el tiempo, el agua que bajaba fue disminuyendo y nos dimos cuenta que no se iba a ir hacia las casas. Posteriormente avise a las comunidades de m\u00e1s abajo y a los d\u00edas llegaron las maquinas a realizar el despeje, por lo que estamos muy agradecidos por el trabajo que han realizado\u201d.<\/p>\n<p>Para finalizar, el <strong>Director (s) de Vialidad<\/strong>, indic\u00f3, \u201ces importante comentar que mientras el barro se encuentre en estado licuoso, hace mucho m\u00e1s dif\u00edcil la remoci\u00f3n del mismo, se debe esperar a que est\u00e9 en estado m\u00e1s s\u00f3lido para poder realizar el despeje total del camino. En primera instancia se debe abrir el camino con las maquinas bulldozer para generar conectividad y con equipo de motoniveladoras se comienzan a realizar las terminaciones de los trabajos, como el ensanchamiento del camino lo cual se terminar\u00e1 en un plazo no mayor a una semana\u201d.<\/p>\n","protected":false},"excerpt":{"rendered":"<p>Hasta los sectores del El Bolo y Pastos Grandes, ruta\u00a0 que conecta desde la Puerta hasta la Laguna Santa Rosa, lleg\u00f3\u00a0 el Seremi (s), Marco&hellip; <\/p>\n","protected":false},"author":2,"featured_media":79198,"comment_status":"open","ping_status":"closed","sticky":false,"template":"","format":"standard","meta":{"footnotes":""},"categories":[7],"tags":[],"class_list":["post-79197","post","type-post","status-publish","format-standard","has-post-thumbnail","hentry","category-atacama"],"_links":{"self":[{"href":"https:\/\/www.radioamigavallenar.cl\/index.php?rest_route=\/wp\/v2\/posts\/79197","targetHints":{"allow":["GET"]}}],"collection":[{"href":"https:\/\/www.radioamigavallenar.cl\/index.php?rest_route=\/wp\/v2\/posts"}],"about":[{"href":"https:\/\/www.radioamigavallenar.cl\/index.php?rest_route=\/wp\/v2\/types\/post"}],"author":[{"embeddable":true,"href":"https:\/\/www.radioamigavallenar.cl\/index.php?rest_route=\/wp\/v2\/users\/2"}],"replies":[{"embeddable":true,"href":"https:\/\/www.radioamigavallenar.cl\/index.php?rest_route=%2Fwp%2Fv2%2Fcomments&post=79197"}],"version-history":[{"count":1,"href":"https:\/\/www.radioamigavallenar.cl\/index.php?rest_route=\/wp\/v2\/posts\/79197\/revisions"}],"predecessor-version":[{"id":79199,"href":"https:\/\/www.radioamigavallenar.cl\/index.php?rest_route=\/wp\/v2\/posts\/79197\/revisions\/79199"}],"wp:featuredmedia":[{"embeddable":true,"href":"https:\/\/www.radioamigavallenar.cl\/index.php?rest_route=\/wp\/v2\/media\/79198"}],"wp:attachment":[{"href":"https:\/\/www.radioamigavallenar.cl\/index.php?rest_route=%2Fwp%2Fv2%2Fmedia&parent=79197"}],"wp:term":[{"taxonomy":"category","embeddable":true,"href":"https:\/\/www.radioamigavallenar.cl\/index.php?rest_route=%2Fwp%2Fv2%2Fcategories&post=79197"},{"taxonomy":"post_tag","embeddable":true,"href":"https:\/\/www.radioamigavallenar.cl\/index.php?rest_route=%2Fwp%2Fv2%2Ftags&post=79197"}],"curies":[{"name":"wp","href":"https:\/\/api.w.org\/{rel}","templated":true}]}}