{"id":79195,"date":"2024-02-19T12:40:32","date_gmt":"2024-02-19T15:40:32","guid":{"rendered":"https:\/\/www.radioamigavallenar.cl\/?p=79195"},"modified":"2024-02-19T12:44:31","modified_gmt":"2024-02-19T15:44:31","slug":"diputada-sofia-cid-por-atrasos-en-arreglos-de-colegios-en-atacama","status":"publish","type":"post","link":"https:\/\/www.radioamigavallenar.cl\/?p=79195","title":{"rendered":"Diputada Sof\u00eda Cid por atrasos en arreglos de colegios en Atacama"},"content":{"rendered":"<p>Desde que se cerr\u00f3 el acuerdo entre los profesores y el Gobierno, a fines del a\u00f1o pasado, vengo advirtiendo de atrasos en las obras.<\/p>\n<p>La semana pasada consult\u00e9 al ministro Cataldo y reconoci\u00f3 que de todas formas, habr\u00e1 obras que no estar\u00e1n terminadas, eso preocupa mucho ya que los alumnos no pueden seguir perdiendo clases.<\/p>\n<p>Esto se lo advertimos al Gobierno en su momento, y les pedimos utilizar el 2% Constitucional para agilizar las reparaciones, pero una vez m\u00e1s, no escuchan a Atacama.<\/p>\n<p>Lamentablemente, en marzo veremos nuevamente a un Gobierno reaccionando tard\u00edamente a un problema que fue advertido con tiempo, y ser\u00e1n los \u00a0estudiantes de Atacama quienes, una vez m\u00e1s, ser\u00e1n perjudicados por la negligencia del Ministerio de Educaci\u00f3n.<\/p>\n","protected":false},"excerpt":{"rendered":"<p>Desde que se cerr\u00f3 el acuerdo entre los profesores y el Gobierno, a fines del a\u00f1o pasado, vengo advirtiendo de atrasos en las obras. La&hellip; <\/p>\n","protected":false},"author":2,"featured_media":0,"comment_status":"open","ping_status":"closed","sticky":false,"template":"","format":"standard","meta":{"footnotes":""},"categories":[7],"tags":[],"class_list":["post-79195","post","type-post","status-publish","format-standard","hentry","category-atacama"],"_links":{"self":[{"href":"https:\/\/www.radioamigavallenar.cl\/index.php?rest_route=\/wp\/v2\/posts\/79195","targetHints":{"allow":["GET"]}}],"collection":[{"href":"https:\/\/www.radioamigavallenar.cl\/index.php?rest_route=\/wp\/v2\/posts"}],"about":[{"href":"https:\/\/www.radioamigavallenar.cl\/index.php?rest_route=\/wp\/v2\/types\/post"}],"author":[{"embeddable":true,"href":"https:\/\/www.radioamigavallenar.cl\/index.php?rest_route=\/wp\/v2\/users\/2"}],"replies":[{"embeddable":true,"href":"https:\/\/www.radioamigavallenar.cl\/index.php?rest_route=%2Fwp%2Fv2%2Fcomments&post=79195"}],"version-history":[{"count":2,"href":"https:\/\/www.radioamigavallenar.cl\/index.php?rest_route=\/wp\/v2\/posts\/79195\/revisions"}],"predecessor-version":[{"id":79200,"href":"https:\/\/www.radioamigavallenar.cl\/index.php?rest_route=\/wp\/v2\/posts\/79195\/revisions\/79200"}],"wp:attachment":[{"href":"https:\/\/www.radioamigavallenar.cl\/index.php?rest_route=%2Fwp%2Fv2%2Fmedia&parent=79195"}],"wp:term":[{"taxonomy":"category","embeddable":true,"href":"https:\/\/www.radioamigavallenar.cl\/index.php?rest_route=%2Fwp%2Fv2%2Fcategories&post=79195"},{"taxonomy":"post_tag","embeddable":true,"href":"https:\/\/www.radioamigavallenar.cl\/index.php?rest_route=%2Fwp%2Fv2%2Ftags&post=79195"}],"curies":[{"name":"wp","href":"https:\/\/api.w.org\/{rel}","templated":true}]}}