{"id":79177,"date":"2024-02-19T00:00:56","date_gmt":"2024-02-19T03:00:56","guid":{"rendered":"https:\/\/www.radioamigavallenar.cl\/?p=79177"},"modified":"2024-02-18T23:12:54","modified_gmt":"2024-02-19T02:12:54","slug":"matthei-es-la-politica-favorita-para-suceder-a-pinera-y-lidera-preferencias-presidenciales-segun-cadem","status":"publish","type":"post","link":"https:\/\/www.radioamigavallenar.cl\/?p=79177","title":{"rendered":"Matthei es la pol\u00edtica favorita para suceder a Pi\u00f1era y lidera preferencias presidenciales seg\u00fan Cadem"},"content":{"rendered":"<div class=\"post-excerpt\">\n<p>En tanto, en la tercera semana de febrero,\u00a0<strong>33% (+2pts) aprueba y 60% (-1pto) desaprueba la gesti\u00f3n del Presidente Boric<\/strong>, sin cambios significativos.<\/p>\n<\/div>\n<div class=\"banners-contenido-nota-5994329\">\n<p>Ayer domingo 18 de febrero se public\u00f3 la nueva encuesta Plaza P\u00fablica Cadem, la que evidenci\u00f3 que <strong>Evelyn Matthei (UDI) lidera las preferencias presidenciales<\/strong>, por sobre Jos\u00e9 Antonio Kast, adem\u00e1s de ser la figura pol\u00edtica con mayor aprobaci\u00f3n en la actualidad.<\/p>\n<p>De igual manera, un\u00a0<strong>38% de los encuestados afirm\u00f3 que la alcaldesa de Providencia deber\u00eda ser la sucesora pol\u00edtica<\/strong> del liderazgo del reci\u00e9n fallecido expresidente Sebasti\u00e1n Pi\u00f1era.<\/p>\n<h2>Evelyn Matthei: la favorita en la \u00faltima encuesta Cadem<\/h2>\n<p>\u201cCon excepci\u00f3n del Presidente Boric, \u00bfMe podr\u00eda decir qui\u00e9n le gustar\u00eda que fuera el pr\u00f3ximo presidente de Chile?\u201d Ante esta pregunta de la \u00faltima\u00a0<a href=\"https:\/\/cadem.cl\/estudios\/evelyn-matthei-es-la-figura-politica-mejor-evaluada-74-y-lidera-en-intencion-de-voto-espontaneo-con-22\/\" target=\"_blank\" rel=\"noopener noreferrer\">encuesta Cadem<\/a>, la respuesta mayoritaria fue para\u00a0<strong>Evelyn Matthei<\/strong>, con un 22% (+6pts).<\/p>\n<p>Quienes la siguen en preferencia son:<\/p>\n<blockquote><p><strong><em>Jos\u00e9 Antonio Kast: 19% (+5pts)<\/em><\/strong><br \/>\n<strong><em>Michelle Bachelet: 6% (+1pto)<\/em><\/strong><br \/>\n<strong><em>Camila Vallejo: 4% (+2pts)<\/em><\/strong><br \/>\n<strong><em>Rodolfo Carter: 3% (+2pts)<\/em><\/strong><br \/>\n<strong><em>Cecilia Morel: 3%<\/em><\/strong><br \/>\n<strong><em>Carolina Toh\u00e1: 2%<\/em><\/strong><br \/>\n<strong><em>Franco Parisi: 1%<\/em><\/strong><br \/>\n<strong><em>Daniel Jadue: 1%<\/em><\/strong><br \/>\n<strong><em>Johannes Kaiser: 1%<\/em><\/strong><\/p><\/blockquote>\n<p>En tanto, un 33% (-12pts) dice que ninguno, no sabe o no responde.<\/p>\n<p>De igual manera, la misma encuesta posicion\u00f3 a la alcaldesa de Providencia como la figura pol\u00edtica mejor evaluada con 74% (+8pts) de imagen positiva, seguida por Claudio Orrego (68%, +4pts) y Germ\u00e1n Codina (61%).<\/p>\n<p>El listado, lo cierran Lautaro Carmona (25%), Giorgio Jackson (23%) y Rojo Edwards (22%, -10pts).<\/p>\n<h2>Incendios y aprobaci\u00f3n del Presidente Gabriel Boric<\/h2>\n<p>En cuanto a los incendios que afectaron a la regi\u00f3n de Valpara\u00edso, 47% (+9pts) aprueba la forma en que el Gobierno ha actuado en esta emergencia frente a 44% (-11pts) que la desaprueba.<\/p>\n<p>Asimismo, 65% piensa que el Gobierno est\u00e1 disponible a recibir ideas y propuesta de la oposici\u00f3n para las labores de reconstrucci\u00f3n, 40% cree que ha hecho todo lo posible para dar soluciones r\u00e1pidas a las personas afectadas y s\u00f3lo 32% cree que ha hecho todo lo posible por encontrar a los responsables de los incendios.<\/p>\n<p>En tanto, en la tercera semana de febrero,\u00a0<strong>33% (+2pts) aprueba y 60% (-1pto) desaprueba la gesti\u00f3n del Presidente Boric<\/strong>, sin cambios significativos.<\/p>\n<p>Por \u00faltimo, 73% tiene una imagen muy positiva de Cecilia Morel y 54% est\u00e1 de acuerdo con restituir, a trav\u00e9s de una ley, el cargo de Primera Dama, mientras 38% est\u00e1 en contra, especialmente los identificados con la izquierda (56%).<\/p>\n<\/div>\n","protected":false},"excerpt":{"rendered":"<p>En tanto, en la tercera semana de febrero,\u00a033% (+2pts) aprueba y 60% (-1pto) desaprueba la gesti\u00f3n del Presidente Boric, sin cambios significativos. Ayer domingo 18&hellip; <\/p>\n","protected":false},"author":2,"featured_media":79178,"comment_status":"open","ping_status":"closed","sticky":false,"template":"","format":"standard","meta":{"footnotes":""},"categories":[37],"tags":[],"class_list":["post-79177","post","type-post","status-publish","format-standard","has-post-thumbnail","hentry","category-nacional"],"_links":{"self":[{"href":"https:\/\/www.radioamigavallenar.cl\/index.php?rest_route=\/wp\/v2\/posts\/79177","targetHints":{"allow":["GET"]}}],"collection":[{"href":"https:\/\/www.radioamigavallenar.cl\/index.php?rest_route=\/wp\/v2\/posts"}],"about":[{"href":"https:\/\/www.radioamigavallenar.cl\/index.php?rest_route=\/wp\/v2\/types\/post"}],"author":[{"embeddable":true,"href":"https:\/\/www.radioamigavallenar.cl\/index.php?rest_route=\/wp\/v2\/users\/2"}],"replies":[{"embeddable":true,"href":"https:\/\/www.radioamigavallenar.cl\/index.php?rest_route=%2Fwp%2Fv2%2Fcomments&post=79177"}],"version-history":[{"count":1,"href":"https:\/\/www.radioamigavallenar.cl\/index.php?rest_route=\/wp\/v2\/posts\/79177\/revisions"}],"predecessor-version":[{"id":79179,"href":"https:\/\/www.radioamigavallenar.cl\/index.php?rest_route=\/wp\/v2\/posts\/79177\/revisions\/79179"}],"wp:featuredmedia":[{"embeddable":true,"href":"https:\/\/www.radioamigavallenar.cl\/index.php?rest_route=\/wp\/v2\/media\/79178"}],"wp:attachment":[{"href":"https:\/\/www.radioamigavallenar.cl\/index.php?rest_route=%2Fwp%2Fv2%2Fmedia&parent=79177"}],"wp:term":[{"taxonomy":"category","embeddable":true,"href":"https:\/\/www.radioamigavallenar.cl\/index.php?rest_route=%2Fwp%2Fv2%2Fcategories&post=79177"},{"taxonomy":"post_tag","embeddable":true,"href":"https:\/\/www.radioamigavallenar.cl\/index.php?rest_route=%2Fwp%2Fv2%2Ftags&post=79177"}],"curies":[{"name":"wp","href":"https:\/\/api.w.org\/{rel}","templated":true}]}}