{"id":79039,"date":"2024-02-14T11:08:52","date_gmt":"2024-02-14T15:08:52","guid":{"rendered":"https:\/\/www.radioamigavallenar.cl\/?p=79039"},"modified":"2024-02-14T11:08:52","modified_gmt":"2024-02-14T15:08:52","slug":"caso-lexus-gobierno-remarca-que-poder-judicial-es-el-responsable-de-su-presupuesto","status":"publish","type":"post","link":"https:\/\/www.radioamigavallenar.cl\/?p=79039","title":{"rendered":"Caso Lexus: Gobierno remarca que Poder Judicial es el responsable de su presupuesto"},"content":{"rendered":"<p>El ministro subrogante de Justicia,\u00a0Jaime Gajardo, abord\u00f3 la pol\u00e9mica\u00a0compra de\u00a022 autom\u00f3viles Lexus de la Corte Suprema\u00a0-por la suma de 1.253 millones de pesos-, remarcando que el poder judicial es aut\u00f3nomo al Estado.<\/p>\n<p>Ayer, la Direcci\u00f3n de Presupuesto (Dipres) se\u00f1al\u00f3 que en la ley de\u00a0Presupuesto 2024 no existe un apartado para la compra de veh\u00edculos, a lo que Gajardo aport\u00f3 hoy que esos recursos son desglosados \u00aben t\u00e9rminos generales\u00bb.<\/p>\n<p>\u00abNo es un problema de visaci\u00f3n o no, en la formulaci\u00f3n presupuestaria que se hizo para el presupuesto de este a\u00f1o y en la autorizaci\u00f3n presupuestaria que hizo el legislativo,\u00a0hay recursos para ese \u00edtem en t\u00e9rminos generales\u00bb, explic\u00f3 el ministro (s).<\/p>\n<div id=\"contenedor-leermas\" class=\"cuerpo-articulo contenedor-leermas\">\n<div id=\"cuerpo-ad\" class=\"cuerpo-ad\">\n<p>Gajardo aclar\u00f3 que \u00abc\u00f3mo se ejecutan los recursos de ese \u00edtem depende del Poder Judicial porque son un poder aut\u00f3nomo,\u00a0y adem\u00e1s tambi\u00e9n ellos independientemente ejecutan su presupuesto. Lo relevante ac\u00e1 es que el Poder Judicial es qui\u00e9n debe responder c\u00f3mo debe realizar la ejecuci\u00f3n de ese presupuesto\u00bb.<\/p>\n<p>Los dichos del ministro van en la misma l\u00ednea que su par de Hacienda,\u00a0Mario Marcel, quien se\u00f1al\u00f3 la jornada pasada que la ejecuci\u00f3n presupuestaria es aut\u00f3noma por ser un poder independiente.<\/p>\n<p>En cuanto a las reacciones desde el poder legislativo, el diputado Diego Ib\u00e1\u00f1ez (CS) anunci\u00f3 en\u00a0El Diario de Cooperativa\u00a0la intenci\u00f3n de un\u00a0oficiar a la Corte Suprema para aclarar c\u00f3mo se tom\u00f3 la decisi\u00f3n.<\/p>\n<\/div>\n<\/div>\n","protected":false},"excerpt":{"rendered":"<p>El ministro subrogante de Justicia,\u00a0Jaime Gajardo, abord\u00f3 la pol\u00e9mica\u00a0compra de\u00a022 autom\u00f3viles Lexus de la Corte Suprema\u00a0-por la suma de 1.253 millones de pesos-, remarcando que&hellip; <\/p>\n","protected":false},"author":2,"featured_media":79040,"comment_status":"open","ping_status":"closed","sticky":false,"template":"","format":"standard","meta":{"footnotes":""},"categories":[37],"tags":[],"class_list":["post-79039","post","type-post","status-publish","format-standard","has-post-thumbnail","hentry","category-nacional"],"_links":{"self":[{"href":"https:\/\/www.radioamigavallenar.cl\/index.php?rest_route=\/wp\/v2\/posts\/79039","targetHints":{"allow":["GET"]}}],"collection":[{"href":"https:\/\/www.radioamigavallenar.cl\/index.php?rest_route=\/wp\/v2\/posts"}],"about":[{"href":"https:\/\/www.radioamigavallenar.cl\/index.php?rest_route=\/wp\/v2\/types\/post"}],"author":[{"embeddable":true,"href":"https:\/\/www.radioamigavallenar.cl\/index.php?rest_route=\/wp\/v2\/users\/2"}],"replies":[{"embeddable":true,"href":"https:\/\/www.radioamigavallenar.cl\/index.php?rest_route=%2Fwp%2Fv2%2Fcomments&post=79039"}],"version-history":[{"count":1,"href":"https:\/\/www.radioamigavallenar.cl\/index.php?rest_route=\/wp\/v2\/posts\/79039\/revisions"}],"predecessor-version":[{"id":79041,"href":"https:\/\/www.radioamigavallenar.cl\/index.php?rest_route=\/wp\/v2\/posts\/79039\/revisions\/79041"}],"wp:featuredmedia":[{"embeddable":true,"href":"https:\/\/www.radioamigavallenar.cl\/index.php?rest_route=\/wp\/v2\/media\/79040"}],"wp:attachment":[{"href":"https:\/\/www.radioamigavallenar.cl\/index.php?rest_route=%2Fwp%2Fv2%2Fmedia&parent=79039"}],"wp:term":[{"taxonomy":"category","embeddable":true,"href":"https:\/\/www.radioamigavallenar.cl\/index.php?rest_route=%2Fwp%2Fv2%2Fcategories&post=79039"},{"taxonomy":"post_tag","embeddable":true,"href":"https:\/\/www.radioamigavallenar.cl\/index.php?rest_route=%2Fwp%2Fv2%2Ftags&post=79039"}],"curies":[{"name":"wp","href":"https:\/\/api.w.org\/{rel}","templated":true}]}}