{"id":79036,"date":"2024-02-14T09:39:46","date_gmt":"2024-02-14T13:39:46","guid":{"rendered":"https:\/\/www.radioamigavallenar.cl\/?p=79036"},"modified":"2024-02-14T09:39:46","modified_gmt":"2024-02-14T13:39:46","slug":"buque-cientifico-abate-molina-zarpo-a-investigar-la-anchoveta-entre-las-regiones-de-atacama-y-coquimbo-2","status":"publish","type":"post","link":"https:\/\/www.radioamigavallenar.cl\/?p=79036","title":{"rendered":"Buque Cient\u00edfico Abate Molina zarp\u00f3 a investigar la anchoveta entre las regiones de Atacama y Coquimbo"},"content":{"rendered":"<p>Ayer 13 de febrero, zarp\u00f3 desde el puerto de Valpara\u00edso, el buque cient\u00edfico Abate Molina a evaluar el stock de anchoveta entre las regiones de Atacama y Coquimbo.<\/p>\n<p>El jefe de crucero es Francisco Leiva y el capit\u00e1n del buque es Jos\u00e9 Echeverr\u00eda, ellos en conjunto con profesionales y t\u00e9cnicos de IFOP y durante 27 d\u00edas trabajar\u00e1n para saber el estado en qu\u00e9 se encuentra la anchoveta.<\/p>\n<p>Los Objetivos espec\u00edficos del crucero son:<\/p>\n<ul>\n<li>Realizar 44 transectos ac\u00fasticos entre el paralelo 25\u00ba00\u00b4S (rada de Paposo), en la Regi\u00f3n de Antofagasta, hasta el paralelo 32\u00ba 10\u00b4S (Pichidangui), l\u00edmite sur de la Regi\u00f3n de Coquimbo.<\/li>\n<li>Evaluar el sesgo de orilla frente a Caldera y a Coquimbo.<\/li>\n<li>Ejecutar un n\u00famero suficiente de lances de pesca de reconocimiento para caracterizar el stock de anchoveta<\/li>\n<li>Realizar estaciones oceanogr\u00e1ficas en la zona de estudio.<\/li>\n<\/ul>\n","protected":false},"excerpt":{"rendered":"<p>Ayer 13 de febrero, zarp\u00f3 desde el puerto de Valpara\u00edso, el buque cient\u00edfico Abate Molina a evaluar el stock de anchoveta entre las regiones de&hellip; <\/p>\n","protected":false},"author":2,"featured_media":79037,"comment_status":"open","ping_status":"closed","sticky":false,"template":"","format":"standard","meta":{"footnotes":""},"categories":[38],"tags":[],"class_list":["post-79036","post","type-post","status-publish","format-standard","has-post-thumbnail","hentry","category-portada-regional"],"_links":{"self":[{"href":"https:\/\/www.radioamigavallenar.cl\/index.php?rest_route=\/wp\/v2\/posts\/79036","targetHints":{"allow":["GET"]}}],"collection":[{"href":"https:\/\/www.radioamigavallenar.cl\/index.php?rest_route=\/wp\/v2\/posts"}],"about":[{"href":"https:\/\/www.radioamigavallenar.cl\/index.php?rest_route=\/wp\/v2\/types\/post"}],"author":[{"embeddable":true,"href":"https:\/\/www.radioamigavallenar.cl\/index.php?rest_route=\/wp\/v2\/users\/2"}],"replies":[{"embeddable":true,"href":"https:\/\/www.radioamigavallenar.cl\/index.php?rest_route=%2Fwp%2Fv2%2Fcomments&post=79036"}],"version-history":[{"count":1,"href":"https:\/\/www.radioamigavallenar.cl\/index.php?rest_route=\/wp\/v2\/posts\/79036\/revisions"}],"predecessor-version":[{"id":79038,"href":"https:\/\/www.radioamigavallenar.cl\/index.php?rest_route=\/wp\/v2\/posts\/79036\/revisions\/79038"}],"wp:featuredmedia":[{"embeddable":true,"href":"https:\/\/www.radioamigavallenar.cl\/index.php?rest_route=\/wp\/v2\/media\/79037"}],"wp:attachment":[{"href":"https:\/\/www.radioamigavallenar.cl\/index.php?rest_route=%2Fwp%2Fv2%2Fmedia&parent=79036"}],"wp:term":[{"taxonomy":"category","embeddable":true,"href":"https:\/\/www.radioamigavallenar.cl\/index.php?rest_route=%2Fwp%2Fv2%2Fcategories&post=79036"},{"taxonomy":"post_tag","embeddable":true,"href":"https:\/\/www.radioamigavallenar.cl\/index.php?rest_route=%2Fwp%2Fv2%2Ftags&post=79036"}],"curies":[{"name":"wp","href":"https:\/\/api.w.org\/{rel}","templated":true}]}}