{"id":78960,"date":"2024-02-13T00:00:16","date_gmt":"2024-02-13T04:00:16","guid":{"rendered":"https:\/\/www.radioamigavallenar.cl\/?p=78960"},"modified":"2024-02-12T20:28:34","modified_gmt":"2024-02-13T00:28:34","slug":"hospital-regional-de-copiapo-fortalece-su-atencion-con-dupla-de-profesionales-de-programa-crece-con-orgullo","status":"publish","type":"post","link":"https:\/\/www.radioamigavallenar.cl\/?p=78960","title":{"rendered":"Hospital Regional de Copiap\u00f3 fortalece su atenci\u00f3n con dupla de profesionales de \u201cPrograma crece con orgullo\u201d"},"content":{"rendered":"<p>Un nuevo e importante avance en materia de atenci\u00f3n registr\u00f3 el principal recinto asistencial de Atacama tras contar con su Unidad de Atenci\u00f3n Identidad de G\u00e9nero en el contexto del \u201cPrograma Crece Con Orgullo\u201d.<\/p>\n<p>&nbsp;<\/p>\n<p>Se trata de la atenci\u00f3n brindada por una dupla psicosocial PAIG (Programa de Acompa\u00f1amiento a la Identidad de G\u00e9nero) conformada por un\/a profesional de la psicolog\u00eda y un\/a profesional del \u00e1rea del trabajo social cuyo objetivo es otorgar herramientas que permitan el desarrollo integral de ni\u00f1os, ni\u00f1as, ni\u00f1es y adolescentes trans, no binarios y de g\u00e9nero no conforme, de acuerdo con su identidad de g\u00e9nero, acci\u00f3n que tambi\u00e9n va dirigida a sus familias.<\/p>\n<p>&nbsp;<\/p>\n<p>En este contexto, la profesional Trabajadora Social e integrante de esta dupla psicosocial en el Hospital Regional de Copiap\u00f3, Antonella Barraza, explic\u00f3 que \u201cel perfil de los usuarios son ni\u00f1os, ni\u00f1as, ni\u00f1es y adolescentes de 3 a 17 a\u00f1os, 11 meses y 29 d\u00edas, que est\u00e9n vivenciando una transici\u00f3n en su identidad de g\u00e9nero. Entonces el programa atiende a este grupo de usuarios y a sus familias, teniendo en cuenta que el proceso de transici\u00f3n lo experimentan no solo las infancias y adolescencias, sino tambi\u00e9n sus entornos familiares y sus redes significativas. Brind\u00e1ndoseles un especial espacio de acompa\u00f1amiento y confidencialidad\u201d.<\/p>\n<p>&nbsp;<\/p>\n<p>Avance en materia de atenci\u00f3n para la regi\u00f3n de Atacama que abarca una serie de acciones e intervenciones a trav\u00e9s de sus tres componentes: \u00e1mbito individual, \u00e1mbito familiar y \u00e1mbito educacional. Relevantes ventajas en materia de atenci\u00f3n que resalt\u00f3 el otro profesional integrante de esta dupla psicosocial, Psic\u00f3logo Iv\u00e1n Mart\u00ednez, quien detall\u00f3 que \u201clas ventajas es que no es una atenci\u00f3n de tipo psicol\u00f3gica que se puede recibir en cualquier lado. Todas nuestras atenciones se basan en el enfoque de g\u00e9nero y en el enfoque de Derechos Humanos. Por lo tanto, a trav\u00e9s de estos enfoques podemos darnos cuenta que estamos en una sociedad desigual, donde predomina un g\u00e9nero sobre otro y desde ah\u00ed podemos visibilizar desigualdades, discriminaciones, etc.\u201d explic\u00f3.<\/p>\n<p>&nbsp;<\/p>\n<p>Atenciones con las que cuenta el Hospital Regional de Copiap\u00f3 y que se encuentran establecidas en la Ley 21.120 la cual reconoce y da protecci\u00f3n al derecho a la identidad de g\u00e9nero y establece que ni\u00f1os, ni\u00f1as, ni\u00f1es y adolescentes, cuya identidad de g\u00e9nero no coincida con su sexo y nombre registral, podr\u00e1n acceder, as\u00ed como sus familias, a los programas de acompa\u00f1amiento profesional, que incluir\u00e1n acciones de asesoramiento psicol\u00f3gico y biopsicosocial.<\/p>\n<p>&nbsp;<\/p>\n<p>&nbsp;<\/p>\n<p>&nbsp;<\/p>\n<p>En este sentido, el Director del Hospital Regional de Copiap\u00f3, Dr. Ricardo Moss, destac\u00f3 la importancia de contar con dicha dupla psicosocial porque permite acompa\u00f1ar a los ni\u00f1os, ni\u00f1as, ni\u00f1es y adolescentes en un proceso muy importante junto a sus familias. \u201cQueremos reconocer y destacar estas nuevas prestaciones con las cuales contamos como hospital ya que permite contar con apoyos muy importantes como disponer de los conocimientos de nuestra dupla a las familias que requieran orientaci\u00f3n para abordar de mejor forma una crianza respetuosa y acceder a redes p\u00fablicas de apoyo. Tambi\u00e9n podr\u00e1n identificar posibles factores de riesgo y trabajar en la mitigaci\u00f3n de estos, entre otras ventajas m\u00e1s. Por lo tanto, estamos muy contentos con el trabajo de nuestros profesionales a trav\u00e9s de este Programa Crece Con Orgullo en beneficio de nuestra comunidad\u201d.<\/p>\n<p>&nbsp;<\/p>\n<p>Para acceder a las atenciones enfocadas en la identidad de g\u00e9nero se puede realizar a trav\u00e9s de una interconsulta desde Atenci\u00f3n Primaria de Salud, interconsultas internas derivadas desde otras especialidades del hospital o present\u00e1ndose en el Policl\u00ednico de Ginecolog\u00eda del Hospital Regional de Copiap\u00f3.<\/p>\n<p>&nbsp;<\/p>\n<p>De esta manera, el principal recinto asistencial de Atacama contin\u00faa potenciando su atenci\u00f3n a trav\u00e9s de esta dupla psicosocial en tem\u00e1ticas asociadas a transdiversidades.<\/p>\n","protected":false},"excerpt":{"rendered":"<p>Un nuevo e importante avance en materia de atenci\u00f3n registr\u00f3 el principal recinto asistencial de Atacama tras contar con su Unidad de Atenci\u00f3n Identidad de&hellip; <\/p>\n","protected":false},"author":2,"featured_media":78961,"comment_status":"open","ping_status":"closed","sticky":false,"template":"","format":"standard","meta":{"footnotes":""},"categories":[7],"tags":[],"class_list":["post-78960","post","type-post","status-publish","format-standard","has-post-thumbnail","hentry","category-atacama"],"_links":{"self":[{"href":"https:\/\/www.radioamigavallenar.cl\/index.php?rest_route=\/wp\/v2\/posts\/78960","targetHints":{"allow":["GET"]}}],"collection":[{"href":"https:\/\/www.radioamigavallenar.cl\/index.php?rest_route=\/wp\/v2\/posts"}],"about":[{"href":"https:\/\/www.radioamigavallenar.cl\/index.php?rest_route=\/wp\/v2\/types\/post"}],"author":[{"embeddable":true,"href":"https:\/\/www.radioamigavallenar.cl\/index.php?rest_route=\/wp\/v2\/users\/2"}],"replies":[{"embeddable":true,"href":"https:\/\/www.radioamigavallenar.cl\/index.php?rest_route=%2Fwp%2Fv2%2Fcomments&post=78960"}],"version-history":[{"count":1,"href":"https:\/\/www.radioamigavallenar.cl\/index.php?rest_route=\/wp\/v2\/posts\/78960\/revisions"}],"predecessor-version":[{"id":78962,"href":"https:\/\/www.radioamigavallenar.cl\/index.php?rest_route=\/wp\/v2\/posts\/78960\/revisions\/78962"}],"wp:featuredmedia":[{"embeddable":true,"href":"https:\/\/www.radioamigavallenar.cl\/index.php?rest_route=\/wp\/v2\/media\/78961"}],"wp:attachment":[{"href":"https:\/\/www.radioamigavallenar.cl\/index.php?rest_route=%2Fwp%2Fv2%2Fmedia&parent=78960"}],"wp:term":[{"taxonomy":"category","embeddable":true,"href":"https:\/\/www.radioamigavallenar.cl\/index.php?rest_route=%2Fwp%2Fv2%2Fcategories&post=78960"},{"taxonomy":"post_tag","embeddable":true,"href":"https:\/\/www.radioamigavallenar.cl\/index.php?rest_route=%2Fwp%2Fv2%2Ftags&post=78960"}],"curies":[{"name":"wp","href":"https:\/\/api.w.org\/{rel}","templated":true}]}}