{"id":78954,"date":"2024-02-13T00:00:14","date_gmt":"2024-02-13T04:00:14","guid":{"rendered":"https:\/\/www.radioamigavallenar.cl\/?p=78954"},"modified":"2024-02-12T20:22:12","modified_gmt":"2024-02-13T00:22:12","slug":"habilitan-nuevamente-complejo-fronterizo-paso-san-francisco","status":"publish","type":"post","link":"https:\/\/www.radioamigavallenar.cl\/?p=78954","title":{"rendered":"Habilitan nuevamente complejo Fronterizo Paso San Francisco"},"content":{"rendered":"<p>La Delegaci\u00f3n Presidencial Regional de Atacama, a trav\u00e9s del delegado presidencial Luis Pino Palacios, inform\u00f3 durante esta jornada que, \u201ca contar de ayer lunes 12 de febrero, el complejo Fronterizo Paso San Francisco, retoma su funcionamiento administrativo y de control, tanto para el ingreso como salida de veh\u00edculos, desde el l\u00edmite pol\u00edtico internacional con la republica de Argentina\u201d.<\/p>\n<p>\u201cCabe consignar que el complejo ubicado al interior de la comuna de Copiap\u00f3 fue cerrado temporalmente, debido a la interrupci\u00f3n de ruta CH-31, tras la bajada de un alud que dej\u00f3 el sistema frontal del pasado 8 y 9 de febrero. Tras esto maquinarias a cargo del MOP, junto a personal de Vialidad, trabajaron arduamente en el despeje de la ruta durante este fin de semana, lo que hoy nos permite aperturarlo sin mayores problemas\u201d. Explic\u00f3 la autoridad regional.<\/p>\n<p>Finalmente, Pino Palacios, reiter\u00f3 que \u201cel complejo se encuentra habilitado de lunes a domingo para el tr\u00e1nsito de todo tipo de veh\u00edculos, en horario continuado de: 9:00 am a 17:30 horas. Dejando establecido que los servicios contralores tanto de Chile como de Argentina, tendr\u00e1n como horario l\u00edmite de salida, por ambos controles hasta las 16:00 horas\u201d.<\/p>\n","protected":false},"excerpt":{"rendered":"<p>La Delegaci\u00f3n Presidencial Regional de Atacama, a trav\u00e9s del delegado presidencial Luis Pino Palacios, inform\u00f3 durante esta jornada que, \u201ca contar de ayer lunes 12&hellip; <\/p>\n","protected":false},"author":2,"featured_media":78955,"comment_status":"open","ping_status":"closed","sticky":false,"template":"","format":"standard","meta":{"footnotes":""},"categories":[7],"tags":[],"class_list":["post-78954","post","type-post","status-publish","format-standard","has-post-thumbnail","hentry","category-atacama"],"_links":{"self":[{"href":"https:\/\/www.radioamigavallenar.cl\/index.php?rest_route=\/wp\/v2\/posts\/78954","targetHints":{"allow":["GET"]}}],"collection":[{"href":"https:\/\/www.radioamigavallenar.cl\/index.php?rest_route=\/wp\/v2\/posts"}],"about":[{"href":"https:\/\/www.radioamigavallenar.cl\/index.php?rest_route=\/wp\/v2\/types\/post"}],"author":[{"embeddable":true,"href":"https:\/\/www.radioamigavallenar.cl\/index.php?rest_route=\/wp\/v2\/users\/2"}],"replies":[{"embeddable":true,"href":"https:\/\/www.radioamigavallenar.cl\/index.php?rest_route=%2Fwp%2Fv2%2Fcomments&post=78954"}],"version-history":[{"count":1,"href":"https:\/\/www.radioamigavallenar.cl\/index.php?rest_route=\/wp\/v2\/posts\/78954\/revisions"}],"predecessor-version":[{"id":78956,"href":"https:\/\/www.radioamigavallenar.cl\/index.php?rest_route=\/wp\/v2\/posts\/78954\/revisions\/78956"}],"wp:featuredmedia":[{"embeddable":true,"href":"https:\/\/www.radioamigavallenar.cl\/index.php?rest_route=\/wp\/v2\/media\/78955"}],"wp:attachment":[{"href":"https:\/\/www.radioamigavallenar.cl\/index.php?rest_route=%2Fwp%2Fv2%2Fmedia&parent=78954"}],"wp:term":[{"taxonomy":"category","embeddable":true,"href":"https:\/\/www.radioamigavallenar.cl\/index.php?rest_route=%2Fwp%2Fv2%2Fcategories&post=78954"},{"taxonomy":"post_tag","embeddable":true,"href":"https:\/\/www.radioamigavallenar.cl\/index.php?rest_route=%2Fwp%2Fv2%2Ftags&post=78954"}],"curies":[{"name":"wp","href":"https:\/\/api.w.org\/{rel}","templated":true}]}}