{"id":78949,"date":"2024-02-13T00:00:19","date_gmt":"2024-02-13T04:00:19","guid":{"rendered":"https:\/\/www.radioamigavallenar.cl\/?p=78949"},"modified":"2024-02-12T20:18:32","modified_gmt":"2024-02-13T00:18:32","slug":"corte-de-copiapo-ordena-a-fonasa-la-compra-y-suministro-de-farmaco-para-adolescente-con-fibrosis-quistica","status":"publish","type":"post","link":"https:\/\/www.radioamigavallenar.cl\/?p=78949","title":{"rendered":"Corte de Copiap\u00f3 ordena a Fonasa la compra y suministro de f\u00e1rmaco para adolescente con fibrosis qu\u00edstica"},"content":{"rendered":"<p>La Corte de Apelaciones de Copiap\u00f3 acogi\u00f3 recurso de protecci\u00f3n y le orden\u00f3 al Fondo Nacional de Salud (Fonasa) la adquisici\u00f3n y suministro de medicamento que requiere adolescente para tratar fibrosis qu\u00edstica que padece.<\/p>\n<p>En fallo un\u00e1nime (causa rol 659-2023), la Primera Sala del tribunal de alzada \u2013integrada por los ministros Carlos Meneses Coloma, Rodrigo Cid Mora y la fiscala judicial Mar\u00eda Jos\u00e9 Hern\u00e1ndez\u2013 acogi\u00f3 la acci\u00f3n cautelar al considerar que, en base a los tratados internacionales reconocidos por Chile, el Estado se encuentra obligado a garantizar condiciones de vida materiales y espirituales dignas para ni\u00f1os, ni\u00f1as y adolescente y de no proporcionarse el f\u00e1rmaco, se estar\u00eda afectando la vida del paciente.<\/p>\n<p>\u201cConforme al certificado de nacimiento, se encuentra dentro del Plan GES. A ello debe adicionarse que en su caso, el m\u00e9dico tratante, expresa en el informe m\u00e9dico que el medicamento en cuesti\u00f3n es requerido en forma inmediata por la paciente como consecuencia de la grave condici\u00f3n que experimenta,\u00a0 siendo su pron\u00f3stico y la enfermedad en definitiva fatal, pues no habr\u00eda otra forma de detener su compromiso respiratorio y pancre\u00e1tico, lo que implica progresi\u00f3n y deterioro de su funci\u00f3n pulmonar y calidad de vida y en definitiva su fallecimiento\u201d, sostiene el fallo.<\/p>\n<p>Por tanto, se resuelve que: \u201cSe acoge la acci\u00f3n constitucional de protecci\u00f3n deducida en contra del Fondo Nacional de Salud (FONASA), disponi\u00e9ndose que dicho organismo deber\u00e1 gestionar la adquisici\u00f3n y consecuente suministro del f\u00e1rmaco identificado como TRIKAFTA, en un plazo m\u00e1ximo de 10 d\u00edas h\u00e1biles a contar de que este fallo se encuentre firme y ejecutoriado, se\u00f1alaron desde la Corte de Apelaciones de Copiap\u00f3.<\/p>\n","protected":false},"excerpt":{"rendered":"<p>La Corte de Apelaciones de Copiap\u00f3 acogi\u00f3 recurso de protecci\u00f3n y le orden\u00f3 al Fondo Nacional de Salud (Fonasa) la adquisici\u00f3n y suministro de medicamento&hellip; <\/p>\n","protected":false},"author":2,"featured_media":0,"comment_status":"open","ping_status":"closed","sticky":false,"template":"","format":"standard","meta":{"footnotes":""},"categories":[38],"tags":[],"class_list":["post-78949","post","type-post","status-publish","format-standard","hentry","category-portada-regional"],"_links":{"self":[{"href":"https:\/\/www.radioamigavallenar.cl\/index.php?rest_route=\/wp\/v2\/posts\/78949","targetHints":{"allow":["GET"]}}],"collection":[{"href":"https:\/\/www.radioamigavallenar.cl\/index.php?rest_route=\/wp\/v2\/posts"}],"about":[{"href":"https:\/\/www.radioamigavallenar.cl\/index.php?rest_route=\/wp\/v2\/types\/post"}],"author":[{"embeddable":true,"href":"https:\/\/www.radioamigavallenar.cl\/index.php?rest_route=\/wp\/v2\/users\/2"}],"replies":[{"embeddable":true,"href":"https:\/\/www.radioamigavallenar.cl\/index.php?rest_route=%2Fwp%2Fv2%2Fcomments&post=78949"}],"version-history":[{"count":1,"href":"https:\/\/www.radioamigavallenar.cl\/index.php?rest_route=\/wp\/v2\/posts\/78949\/revisions"}],"predecessor-version":[{"id":78950,"href":"https:\/\/www.radioamigavallenar.cl\/index.php?rest_route=\/wp\/v2\/posts\/78949\/revisions\/78950"}],"wp:attachment":[{"href":"https:\/\/www.radioamigavallenar.cl\/index.php?rest_route=%2Fwp%2Fv2%2Fmedia&parent=78949"}],"wp:term":[{"taxonomy":"category","embeddable":true,"href":"https:\/\/www.radioamigavallenar.cl\/index.php?rest_route=%2Fwp%2Fv2%2Fcategories&post=78949"},{"taxonomy":"post_tag","embeddable":true,"href":"https:\/\/www.radioamigavallenar.cl\/index.php?rest_route=%2Fwp%2Fv2%2Ftags&post=78949"}],"curies":[{"name":"wp","href":"https:\/\/api.w.org\/{rel}","templated":true}]}}