{"id":78937,"date":"2024-02-12T12:11:27","date_gmt":"2024-02-12T16:11:27","guid":{"rendered":"https:\/\/www.radioamigavallenar.cl\/?p=78937"},"modified":"2024-02-12T12:11:27","modified_gmt":"2024-02-12T16:11:27","slug":"seremi-de-salud-coordina-operativo-de-vacunacion-para-personal-del-ejercito-que-va-en-apoyo-a-damnificados-de-valparaiso","status":"publish","type":"post","link":"https:\/\/www.radioamigavallenar.cl\/?p=78937","title":{"rendered":"Seremi de Salud coordina operativo de vacunaci\u00f3n para personal del Ej\u00e9rcito que va en apoyo a damnificados de Valpara\u00edso"},"content":{"rendered":"<ul>\n<li>Durante este operativo, 27 personas fueron vacunadas<\/li>\n<\/ul>\n<p>Para apoyar la labor que desarrollar\u00e1 en la regi\u00f3n de Valpara\u00edso, contingente perteneciente al Regimiento N\u00b023 Copiap\u00f3, la SEREMI de Salud de Atacama coordin\u00f3 un operativo de vacunaci\u00f3n para quienes se desplazar\u00e1n a dicha zona, en el marco de las labores de apoyo que realiza la instituci\u00f3n militar tras los incendios que afectaron a diferentes comunas de esa regi\u00f3n.<\/p>\n<p>En la oportunidad, la Seremi de Salud (s), Marcia Monsalves Solis, indic\u00f3 que \u201ccomo Autoridad Sanitaria Regional recibimos un requerimiento por parte del Regimiento N\u00b023 Copiap\u00f3 para gestionar un operativo de vacunaci\u00f3n para el personal que se traslad\u00f3 a Valpara\u00edso dado el escenario actual en que se encuentra esa regi\u00f3n\u201d.<\/p>\n<p>\u201cPor ello, como SEREMI de Salud, concurrimos hasta el establecimiento con vacunas para la prevenci\u00f3n de enfermedades inmunoprevenibles a trav\u00e9s de la estrategia de<strong>\u00a0<\/strong><strong>\u00abVacunaci\u00f3n en situaciones de cat\u00e1strofes naturales\u00bb<\/strong>, vacunando a 27 personas en total. De estas, 13 se vacunaron con la vacuna contra el T\u00e9tanos, m\u00e1s la vacuna monovalente actualizada contra el Covid-19; ocho con la vacuna contra el Covid-19 y seis con la vacuna contra el T\u00e9tanos\u201d, agreg\u00f3 la autoridad.<\/p>\n<p>Cabe se\u00f1alar que todo lo anterior se enmarc\u00f3 en los esquemas vacunales que corresponde a cada usuario seg\u00fan lineamientos t\u00e9cnicos ministeriales.<\/p>\n","protected":false},"excerpt":{"rendered":"<p>Durante este operativo, 27 personas fueron vacunadas Para apoyar la labor que desarrollar\u00e1 en la regi\u00f3n de Valpara\u00edso, contingente perteneciente al Regimiento N\u00b023 Copiap\u00f3, la&hellip; <\/p>\n","protected":false},"author":2,"featured_media":78938,"comment_status":"open","ping_status":"closed","sticky":false,"template":"","format":"standard","meta":{"footnotes":""},"categories":[7],"tags":[],"class_list":["post-78937","post","type-post","status-publish","format-standard","has-post-thumbnail","hentry","category-atacama"],"_links":{"self":[{"href":"https:\/\/www.radioamigavallenar.cl\/index.php?rest_route=\/wp\/v2\/posts\/78937","targetHints":{"allow":["GET"]}}],"collection":[{"href":"https:\/\/www.radioamigavallenar.cl\/index.php?rest_route=\/wp\/v2\/posts"}],"about":[{"href":"https:\/\/www.radioamigavallenar.cl\/index.php?rest_route=\/wp\/v2\/types\/post"}],"author":[{"embeddable":true,"href":"https:\/\/www.radioamigavallenar.cl\/index.php?rest_route=\/wp\/v2\/users\/2"}],"replies":[{"embeddable":true,"href":"https:\/\/www.radioamigavallenar.cl\/index.php?rest_route=%2Fwp%2Fv2%2Fcomments&post=78937"}],"version-history":[{"count":1,"href":"https:\/\/www.radioamigavallenar.cl\/index.php?rest_route=\/wp\/v2\/posts\/78937\/revisions"}],"predecessor-version":[{"id":78939,"href":"https:\/\/www.radioamigavallenar.cl\/index.php?rest_route=\/wp\/v2\/posts\/78937\/revisions\/78939"}],"wp:featuredmedia":[{"embeddable":true,"href":"https:\/\/www.radioamigavallenar.cl\/index.php?rest_route=\/wp\/v2\/media\/78938"}],"wp:attachment":[{"href":"https:\/\/www.radioamigavallenar.cl\/index.php?rest_route=%2Fwp%2Fv2%2Fmedia&parent=78937"}],"wp:term":[{"taxonomy":"category","embeddable":true,"href":"https:\/\/www.radioamigavallenar.cl\/index.php?rest_route=%2Fwp%2Fv2%2Fcategories&post=78937"},{"taxonomy":"post_tag","embeddable":true,"href":"https:\/\/www.radioamigavallenar.cl\/index.php?rest_route=%2Fwp%2Fv2%2Ftags&post=78937"}],"curies":[{"name":"wp","href":"https:\/\/api.w.org\/{rel}","templated":true}]}}