{"id":78918,"date":"2024-02-12T06:00:02","date_gmt":"2024-02-12T10:00:02","guid":{"rendered":"https:\/\/www.radioamigavallenar.cl\/?p=78918"},"modified":"2024-02-12T06:24:29","modified_gmt":"2024-02-12T10:24:29","slug":"carabineros-confirma-solo-un-detenido-por-incidentes-que-terminaron-con-incendio-en-estadio-nacional","status":"publish","type":"post","link":"https:\/\/www.radioamigavallenar.cl\/?p=78918","title":{"rendered":"Carabineros confirma solo un detenido por incidentes que terminaron con incendio en Estadio Nacional"},"content":{"rendered":"<div class=\"post-excerpt\">\n<p>Varias personas fueron detenidas en el Estadio Nacional en el marco de los servicios de Carabineros por la Supercopa entre Colo Colo y Huachipato. Sin embargo, solo uno es por los des\u00f3rdenes que terminaron con un incendio en la galer\u00eda norte.<\/p>\n<\/div>\n<div class=\"banners-contenido-nota-5985501\">\n<p>Carabineros\u00a0confirm\u00f3 que\u00a0solo hay un detenido\u00a0por los des\u00f3rdenes que derivaron en un incendio ocurrido en la galer\u00eda norte del\u00a0Estadio Nacional, hechos que llevaron a suspender la realizaci\u00f3n de la\u00a0Supercopa\u00a0del f\u00fatbol chileno.<\/p>\n<p>Hinchas de la\u00a0Garra Blanca, la barra brava de\u00a0Colo Colo, protagonizaron diversos incidentes desde antes que comenzara el encuentro entre su equipo y\u00a0Huachipato.<\/p>\n<p>Sin embargo, las cosas comenzaron a dificultarse cuando, en el entretiempo, Carabineros ingres\u00f3 y retir\u00f3 un lienzo con consignas contra la concesionaria del club popular,\u00a0Blanco y Negro; y uno de sus exaccionistas, el fallecido expresidente\u00a0Sebasti\u00e1n Pi\u00f1era.<\/p>\n<p>Esto gener\u00f3 des\u00f3rdenes que retrasaron el inicio del segundo tiempo, el que finalmente comenz\u00f3, pero la tensi\u00f3n se mantuvo hasta que, en el minuto 35, individuos se acercaron hasta la cancha del principal coliseo del pa\u00eds, por lo que\u00a0finalmente el partido se suspendi\u00f3.<\/p>\n<p>La determinaci\u00f3n molest\u00f3 a los integrantes de la Garra Blanca, los que\u00a0le prendieron fuego a las butacas\u00a0de la galer\u00eda norte, muy cerca del memorial de los detenidos desaparecidos. Las llamas generaron una columna de fuego visible desde distintos puntos de la capital.<\/p>\n<p>Finalmente, fue necesaria la presencia de\u00a0Bomberos\u00a0para controlar el fuego y la evacuaci\u00f3n del estadio para evitar lesionados.<\/p>\n<p>El comandante de Carabineros, Cristi\u00e1n Tavra, se\u00f1al\u00f3 que los servicios preventivos dispuestos en \u00d1u\u00f1oa para la Supercopa permiti\u00f3\u00a0la detenci\u00f3n \u201cde una cantidad importante de sujetos\u201d.<\/p>\n<p>Entre ellos, hubo\u00a0ocho aprehendidos por orden de captura vigente, esto por diversos delitos; y otros dos por intentar ingresar pirotecnia al estadio.<\/p>\n<p>Sin embargo, agreg\u00f3 que por des\u00f3rdenes\u00a0solo hay un detenido.<\/p>\n<p>El\u00a0Laboratorio de Criminal\u00edstica de Carabineros\u00a0realiz\u00f3 pericias para dar con los involucrados.<\/p>\n<\/div>\n","protected":false},"excerpt":{"rendered":"<p>Varias personas fueron detenidas en el Estadio Nacional en el marco de los servicios de Carabineros por la Supercopa entre Colo Colo y Huachipato. Sin&hellip; <\/p>\n","protected":false},"author":2,"featured_media":78919,"comment_status":"open","ping_status":"closed","sticky":false,"template":"","format":"standard","meta":{"footnotes":""},"categories":[37],"tags":[],"class_list":["post-78918","post","type-post","status-publish","format-standard","has-post-thumbnail","hentry","category-nacional"],"_links":{"self":[{"href":"https:\/\/www.radioamigavallenar.cl\/index.php?rest_route=\/wp\/v2\/posts\/78918","targetHints":{"allow":["GET"]}}],"collection":[{"href":"https:\/\/www.radioamigavallenar.cl\/index.php?rest_route=\/wp\/v2\/posts"}],"about":[{"href":"https:\/\/www.radioamigavallenar.cl\/index.php?rest_route=\/wp\/v2\/types\/post"}],"author":[{"embeddable":true,"href":"https:\/\/www.radioamigavallenar.cl\/index.php?rest_route=\/wp\/v2\/users\/2"}],"replies":[{"embeddable":true,"href":"https:\/\/www.radioamigavallenar.cl\/index.php?rest_route=%2Fwp%2Fv2%2Fcomments&post=78918"}],"version-history":[{"count":1,"href":"https:\/\/www.radioamigavallenar.cl\/index.php?rest_route=\/wp\/v2\/posts\/78918\/revisions"}],"predecessor-version":[{"id":78920,"href":"https:\/\/www.radioamigavallenar.cl\/index.php?rest_route=\/wp\/v2\/posts\/78918\/revisions\/78920"}],"wp:featuredmedia":[{"embeddable":true,"href":"https:\/\/www.radioamigavallenar.cl\/index.php?rest_route=\/wp\/v2\/media\/78919"}],"wp:attachment":[{"href":"https:\/\/www.radioamigavallenar.cl\/index.php?rest_route=%2Fwp%2Fv2%2Fmedia&parent=78918"}],"wp:term":[{"taxonomy":"category","embeddable":true,"href":"https:\/\/www.radioamigavallenar.cl\/index.php?rest_route=%2Fwp%2Fv2%2Fcategories&post=78918"},{"taxonomy":"post_tag","embeddable":true,"href":"https:\/\/www.radioamigavallenar.cl\/index.php?rest_route=%2Fwp%2Fv2%2Ftags&post=78918"}],"curies":[{"name":"wp","href":"https:\/\/api.w.org\/{rel}","templated":true}]}}