{"id":78870,"date":"2024-02-09T11:07:01","date_gmt":"2024-02-09T15:07:01","guid":{"rendered":"https:\/\/www.radioamigavallenar.cl\/?p=78870"},"modified":"2024-02-09T11:07:54","modified_gmt":"2024-02-09T15:07:54","slug":"hasta-el-31-de-marzo-se-extendio-la-beca-matricula-en-santo-tomas-copiapo","status":"publish","type":"post","link":"https:\/\/www.radioamigavallenar.cl\/?p=78870","title":{"rendered":"Hasta el 31 de marzo se extendi\u00f3 la Beca Matr\u00edcula en Santo Tom\u00e1s Copiap\u00f3"},"content":{"rendered":"<div class=\"container fullwidth-entry-title-wrapper\">\n<div class=\"container-wrapper fullwidth-entry-title\">\n<header class=\"entry-header-outer\">\n<div class=\"entry-header\">\n<div id=\"single-post-meta\" class=\"post-meta clearfix\"><\/div>\n<\/div>\n<\/header>\n<\/div>\n<\/div>\n<div id=\"content\" class=\"site-content container\">\n<div id=\"main-content-row\" class=\"tie-row main-content-row\">\n<div class=\"main-content tie-col-md-8 tie-col-xs-12\" role=\"main\">\n<article id=\"the-post\" class=\"container-wrapper post-content tie-standard\">\n<div class=\"entry-content entry clearfix\">\n<p>Hasta el 31 de marzo o hasta la disponibilidad de cupos por cada carrera continuar\u00e1 el proceso de Admisi\u00f3n 2024 en Santo Tom\u00e1s Copiap\u00f3. Al respecto, el director de Admisi\u00f3n de Santo Tom\u00e1s Copiap\u00f3, Willie Carvajal P\u00e9rez, coment\u00f3 que \u201cqueremos hacer un llamado a la comunidad, tanto j\u00f3venes como adultos, que est\u00e1n interesados en iniciar o continuar su proceso de formaci\u00f3n en la educaci\u00f3n superior para que se informen de nuestra oferta acad\u00e9mica. Esto lo pueden hacer, acerc\u00e1ndose a nuestra sede ubicada a la salida norte de la comuna de Copiap\u00f3, lugar en la que nuestro Team Admisi\u00f3n los estar\u00e1 esperando para dilucidar todas las dudas que tengan, ya sea en relaci\u00f3n al arancel, campo laboral, infraestructura, entre otros. Si bien el proceso finaliza el 31 de marzo, el llamado es que se acerquen lo antes posible, ya que cada carrera tiene una cantidad de cupos disponibles y si estos son utilizados se cierra el proceso\u201d.<\/p>\n<p>\u201cEs importante comentar que varias de las carreras que impartimos en Santo Tom\u00e1s Copiap\u00f3 est\u00e1n con beca de matr\u00edcula hasta el 31 de marzo, por lo que los invitamos a informarse y a matricularse antes de esa fecha. Queremos destacar, que no solamente las personas se pueden matricular de forma presencial, ya que tambi\u00e9n tenemos la opci\u00f3n v\u00eda online, a trav\u00e9s de la p\u00e1gina\u00a0www.tupuedes.cl\u201d, agreg\u00f3.<\/p>\n<p>Las carreras que continuar\u00e1n con beca matr\u00edcula son T\u00e9cnico en Enfermer\u00eda de Nivel Superior (TENS), Gastronom\u00eda Internacional y Tradicional Chilena, Preparador F\u00edsico, T\u00e9cnico en Educaci\u00f3n Especial, T\u00e9cnico en Administraci\u00f3n Log\u00edstica y T\u00e9cnico en Administraci\u00f3n de Recursos Humanos.<\/p>\n<p>Cabe destacar, que el horario de atenci\u00f3n presencial de Santo Tom\u00e1s Copiap\u00f3 es de lunes a viernes entre las 9:00 y las 19:00 horas, horario. Cualquier consulta la puedes realizar a trav\u00e9s de nuestras redes sociales, Santo Tom\u00e1s Copiap\u00f3 o Admisi\u00f3n Santo Tom\u00e1s Copiap\u00f3.<\/p>\n<\/div>\n<\/article>\n<\/div>\n<\/div>\n<\/div>\n","protected":false},"excerpt":{"rendered":"<p>Hasta el 31 de marzo o hasta la disponibilidad de cupos por cada carrera continuar\u00e1 el proceso de Admisi\u00f3n 2024 en Santo Tom\u00e1s Copiap\u00f3. Al&hellip; <\/p>\n","protected":false},"author":2,"featured_media":78871,"comment_status":"open","ping_status":"closed","sticky":false,"template":"","format":"standard","meta":{"footnotes":""},"categories":[38],"tags":[],"class_list":["post-78870","post","type-post","status-publish","format-standard","has-post-thumbnail","hentry","category-portada-regional"],"_links":{"self":[{"href":"https:\/\/www.radioamigavallenar.cl\/index.php?rest_route=\/wp\/v2\/posts\/78870","targetHints":{"allow":["GET"]}}],"collection":[{"href":"https:\/\/www.radioamigavallenar.cl\/index.php?rest_route=\/wp\/v2\/posts"}],"about":[{"href":"https:\/\/www.radioamigavallenar.cl\/index.php?rest_route=\/wp\/v2\/types\/post"}],"author":[{"embeddable":true,"href":"https:\/\/www.radioamigavallenar.cl\/index.php?rest_route=\/wp\/v2\/users\/2"}],"replies":[{"embeddable":true,"href":"https:\/\/www.radioamigavallenar.cl\/index.php?rest_route=%2Fwp%2Fv2%2Fcomments&post=78870"}],"version-history":[{"count":1,"href":"https:\/\/www.radioamigavallenar.cl\/index.php?rest_route=\/wp\/v2\/posts\/78870\/revisions"}],"predecessor-version":[{"id":78872,"href":"https:\/\/www.radioamigavallenar.cl\/index.php?rest_route=\/wp\/v2\/posts\/78870\/revisions\/78872"}],"wp:featuredmedia":[{"embeddable":true,"href":"https:\/\/www.radioamigavallenar.cl\/index.php?rest_route=\/wp\/v2\/media\/78871"}],"wp:attachment":[{"href":"https:\/\/www.radioamigavallenar.cl\/index.php?rest_route=%2Fwp%2Fv2%2Fmedia&parent=78870"}],"wp:term":[{"taxonomy":"category","embeddable":true,"href":"https:\/\/www.radioamigavallenar.cl\/index.php?rest_route=%2Fwp%2Fv2%2Fcategories&post=78870"},{"taxonomy":"post_tag","embeddable":true,"href":"https:\/\/www.radioamigavallenar.cl\/index.php?rest_route=%2Fwp%2Fv2%2Ftags&post=78870"}],"curies":[{"name":"wp","href":"https:\/\/api.w.org\/{rel}","templated":true}]}}