{"id":78862,"date":"2024-02-09T09:20:22","date_gmt":"2024-02-09T13:20:22","guid":{"rendered":"https:\/\/www.radioamigavallenar.cl\/?p=78862"},"modified":"2024-02-09T09:20:22","modified_gmt":"2024-02-09T13:20:22","slug":"mas-de-3-mil-atenciones-realizo-la-linea-de-representacion-juridica-especializada-la-ninez-y-adolescencia-se-defienden","status":"publish","type":"post","link":"https:\/\/www.radioamigavallenar.cl\/?p=78862","title":{"rendered":"M\u00e1s de 3 mil atenciones realiz\u00f3 la l\u00ednea de representaci\u00f3n jur\u00eddica especializada La Ni\u00f1ez y Adolescencia se Defienden"},"content":{"rendered":"<p><span style=\"font-weight: 400;\">Un importante despliegue territorial para garantizar la protecci\u00f3n y defensa de los derechos de la infancia y adolescencia en la regi\u00f3n desarroll\u00f3 durante el a\u00f1o 2023 la L\u00ednea de Representaci\u00f3n Jur\u00eddica Especializada de Ni\u00f1os, Ni\u00f1as y Adolescentes \u201cLa Ni\u00f1ez y Adolescencia Se Defienden\u201d (NAD) de la Corporaci\u00f3n de Asistencia Judicial, CAJ.<\/span><\/p>\n<p><span style=\"font-weight: 400;\">Seg\u00fan explic\u00f3 el Seremi de Justicia y Derechos Humanos de Atacama, Tom\u00e1s Garay P\u00e9rez, \u201cesta l\u00ednea de atenci\u00f3n especializada brind\u00f3 m\u00e1s de tres mil quinientas atenciones durante el a\u00f1o 2023, entregando defensa jur\u00eddica y el acompa\u00f1amiento psicosocial a ni\u00f1as, ni\u00f1os y adolescentes que lamentablemente han sido vulnerados en sus derechos\u201d.<\/span><\/p>\n<p><span style=\"font-weight: 400;\">En este sentido, la autoridad regional destac\u00f3 \u201ceste programa cuenta con un enfoque de respeto de derechos acorde a los tratados internacionales que ha firmado el Estado de Chile en materias de infancia y adolescencia. Su implementaci\u00f3n materializa la preocupaci\u00f3n del Presidente Gabriel Boric por resguardar y proteger los derechos de ni\u00f1os, ni\u00f1as y adolescentes, garantizando su acceso a la justicia, reconociendo el derecho de estos grupos de especial inter\u00e9s a contar con abogados con formaci\u00f3n altamente especializada para garantizar el ejercicio de estos derechos y avanzar en el\u00a0 fortalecimiento de la coordinaci\u00f3n intersectorial para dar respuesta desde la institucionalidad p\u00fablica a las diversas necesidades de los ni\u00f1os y ni\u00f1as durante sus ciclos vitales para su mayor bienestar y desarrollo\u201d.<\/span><\/p>\n<p><span style=\"font-weight: 400;\">Para cumplir con estos cometidos, la L\u00ednea \u201cLa Ni\u00f1ez y Adolescencia Se Defienden\u201d, se implement\u00f3 a nivel regional el 01 de septiembre del a\u00f1o 2022, y cuenta con un equipo de profesionales con formaci\u00f3n especializada en materias de infancia, familia y derechos humanos para dar respuesta a casos de alta complejidad.<\/span><\/p>\n<p><span style=\"font-weight: 400;\">A nivel regional este equipo es liderado por la abogada Carmen Moreno M\u00fa\u00f1oz, y re\u00fane a abogados\/as y trabajadores\/as sociales; quienes son los encargados de otorgar una defensa jur\u00eddica, especializada, letrada y aut\u00f3noma a los ni\u00f1os, ni\u00f1as y adolescentes ante los tribunales de justicia cuando han sido vulnerados sus derechos, y posee cobertura de atenci\u00f3n para todas las comunas de Atacama.<\/span><\/p>\n","protected":false},"excerpt":{"rendered":"<p>Un importante despliegue territorial para garantizar la protecci\u00f3n y defensa de los derechos de la infancia y adolescencia en la regi\u00f3n desarroll\u00f3 durante el a\u00f1o&hellip; <\/p>\n","protected":false},"author":2,"featured_media":78863,"comment_status":"open","ping_status":"closed","sticky":false,"template":"","format":"standard","meta":{"footnotes":""},"categories":[7],"tags":[],"class_list":["post-78862","post","type-post","status-publish","format-standard","has-post-thumbnail","hentry","category-atacama"],"_links":{"self":[{"href":"https:\/\/www.radioamigavallenar.cl\/index.php?rest_route=\/wp\/v2\/posts\/78862","targetHints":{"allow":["GET"]}}],"collection":[{"href":"https:\/\/www.radioamigavallenar.cl\/index.php?rest_route=\/wp\/v2\/posts"}],"about":[{"href":"https:\/\/www.radioamigavallenar.cl\/index.php?rest_route=\/wp\/v2\/types\/post"}],"author":[{"embeddable":true,"href":"https:\/\/www.radioamigavallenar.cl\/index.php?rest_route=\/wp\/v2\/users\/2"}],"replies":[{"embeddable":true,"href":"https:\/\/www.radioamigavallenar.cl\/index.php?rest_route=%2Fwp%2Fv2%2Fcomments&post=78862"}],"version-history":[{"count":1,"href":"https:\/\/www.radioamigavallenar.cl\/index.php?rest_route=\/wp\/v2\/posts\/78862\/revisions"}],"predecessor-version":[{"id":78864,"href":"https:\/\/www.radioamigavallenar.cl\/index.php?rest_route=\/wp\/v2\/posts\/78862\/revisions\/78864"}],"wp:featuredmedia":[{"embeddable":true,"href":"https:\/\/www.radioamigavallenar.cl\/index.php?rest_route=\/wp\/v2\/media\/78863"}],"wp:attachment":[{"href":"https:\/\/www.radioamigavallenar.cl\/index.php?rest_route=%2Fwp%2Fv2%2Fmedia&parent=78862"}],"wp:term":[{"taxonomy":"category","embeddable":true,"href":"https:\/\/www.radioamigavallenar.cl\/index.php?rest_route=%2Fwp%2Fv2%2Fcategories&post=78862"},{"taxonomy":"post_tag","embeddable":true,"href":"https:\/\/www.radioamigavallenar.cl\/index.php?rest_route=%2Fwp%2Fv2%2Ftags&post=78862"}],"curies":[{"name":"wp","href":"https:\/\/api.w.org\/{rel}","templated":true}]}}