{"id":78858,"date":"2024-02-09T09:13:59","date_gmt":"2024-02-09T13:13:59","guid":{"rendered":"https:\/\/www.radioamigavallenar.cl\/?p=78858"},"modified":"2024-02-09T09:18:43","modified_gmt":"2024-02-09T13:18:43","slug":"trabajadores-de-enami-piden-investigacion-a-fiscalia","status":"publish","type":"post","link":"https:\/\/www.radioamigavallenar.cl\/?p=78858","title":{"rendered":"Trabajadores de Enami piden investigaci\u00f3n a Fiscal\u00eda"},"content":{"rendered":"<div class=\"note-inner-heading\">\n<h1 class=\"note-inner-title\"><\/h1>\n<p class=\"note-inner-desc\">Los l\u00edderes sindicales enviaron una carta con antecedentes al fiscal regional (s) detallando presuntas irregularidades al interior de la empresa fiscal.<\/p>\n<\/div>\n<div class=\"d-lg-flex d-md-flex justify-content-between mb-2\">\n<div class=\"cont_compartir_nota mt-sm-2 mt-lg-0 d-sm-none d-md-flex d-lg-flex\"><\/div>\n<\/div>\n<div class=\"home-section home-section--1\">\n<section id=\"seccion\">\n<div class=\"note-inner-body\">\n<div class=\"note-inner-content\">\n<div id=\"textoDetalle\" class=\"note-inner-text\">\n<p>Los sindicatos de trabajadores de Enami, representados por Eduardo de la Barrera, presentaron ante la Fiscal\u00eda antecedentes para solicitar una investigaci\u00f3n por presuntos delitos econ\u00f3micos de parte de la directiva de la empresa estatal.<\/p>\n<p>Adem\u00e1s, el dirigente sindical acus\u00f3 que los trabajadores est\u00e1n recibiendo presiones indebidas por parte de la empresa para aceptar el finiquito y asegur\u00f3 que presentar\u00e1n un recurso de protecci\u00f3n a fin de impedir el cierre de la Fundici\u00f3n Hern\u00e1n Videla Lira, en Paipote.<\/p>\n<p>Mala administraci\u00f3n<\/p>\n<p>Seg\u00fan la carta presentada al fiscal regional (s), Christian Gonz\u00e1lez, el directorio de Enami habr\u00eda incurrido, en los \u00faltimos dos a\u00f1os, en vicios administrativos donde acusan de desv\u00edos de dineros, alterar los registros de inventarios y ventas no registradas, que har\u00edan ver a la fundici\u00f3n como una planta menos \u00fatil de lo que realmente es.<\/p>\n<p>Seg\u00fan da cuenta el documento, el 13 de diciembre de 2023 se habr\u00edan recepcionado m\u00e1s de 95 mil toneladas de material de Minera Carola, pero en el stock final se lee poco m\u00e1s 825 mil toneladas. Seg\u00fan de la Barrera esto da cuenta \u201cdel mal manejo de Enami con inventarios inflados y malos registros que no se entienden de d\u00f3nde salieron\u201d.<\/p>\n<p>Otro ejemplo que dan es que entre septiembre y noviembre del 2023 la fundici\u00f3n habr\u00eda vendido, a la empresa Inversiones S&amp;Z S.A. m\u00e1s de 4 mil toneladas de material catalogado como escombros, que inclu\u00edan polvos de alto contenido de cobre, circulante de alta ley y ladrillos. \u201c\u00bfQu\u00e9 empresa compra escombros? Esto es algo sumamente irregular\u201d, afirm\u00f3 el dirigente sindical.<\/p>\n<p>\u201cEstos son todos antecedentes nuevos que estamos presentando con la esperanza que se investigue y se haga justicia\u201d, asegur\u00f3 de la Barrera.<\/p>\n<p>En contraste, el vicepresidente ejecutivo de Enami, Iv\u00e1n Mlynarz; asegur\u00f3 que la informaci\u00f3n presentada \u201cya fue materia de fiscalizaci\u00f3n de la Comisi\u00f3n Investigadora de la C\u00e1mara de Diputadas y Diputados, por hechos que datan del gobierno anterior\u201d.<\/p>\n<p>\u201cDesconocemos cu\u00e1l es la denuncia, esperaremos conocerla en su m\u00e9rito y en su profundidad, y como administraci\u00f3n prestaremos toda la colaboraci\u00f3n con los organismos que nos requieran\u201d, agreg\u00f3.<\/p>\n<p>Futuras acciones<\/p>\n<p>\u201cTenemos evidencia de que no es as\u00ed, de que a compa\u00f1eros nuestros los han presionado para aceptar sus finiquitos, porque ellos quieren cerrar la fundici\u00f3n a cualquier coste, sin importarle nuestros puestos de trabajo ni el da\u00f1o que est\u00e1n causando\u201d, dijo de la Barrera. Esto fue negado por Mlynarz.<\/p>\n<p>Adem\u00e1s, presentar\u00e1n un recurso de protecci\u00f3n en los pr\u00f3ximos d\u00edas, buscando una orden de no innovar para detener el cierre, que el directorio de Enami asegura es inminente. El l\u00edder sindical indic\u00f3 tambi\u00e9n que no se encuentran en conversaciones con el directorio.<\/p>\n<\/div>\n<\/div>\n<\/div>\n<\/section>\n<\/div>\n","protected":false},"excerpt":{"rendered":"<p>Los l\u00edderes sindicales enviaron una carta con antecedentes al fiscal regional (s) detallando presuntas irregularidades al interior de la empresa fiscal. Los sindicatos de trabajadores&hellip; <\/p>\n","protected":false},"author":2,"featured_media":78859,"comment_status":"open","ping_status":"closed","sticky":false,"template":"","format":"standard","meta":{"footnotes":""},"categories":[38],"tags":[],"class_list":["post-78858","post","type-post","status-publish","format-standard","has-post-thumbnail","hentry","category-portada-regional"],"_links":{"self":[{"href":"https:\/\/www.radioamigavallenar.cl\/index.php?rest_route=\/wp\/v2\/posts\/78858","targetHints":{"allow":["GET"]}}],"collection":[{"href":"https:\/\/www.radioamigavallenar.cl\/index.php?rest_route=\/wp\/v2\/posts"}],"about":[{"href":"https:\/\/www.radioamigavallenar.cl\/index.php?rest_route=\/wp\/v2\/types\/post"}],"author":[{"embeddable":true,"href":"https:\/\/www.radioamigavallenar.cl\/index.php?rest_route=\/wp\/v2\/users\/2"}],"replies":[{"embeddable":true,"href":"https:\/\/www.radioamigavallenar.cl\/index.php?rest_route=%2Fwp%2Fv2%2Fcomments&post=78858"}],"version-history":[{"count":2,"href":"https:\/\/www.radioamigavallenar.cl\/index.php?rest_route=\/wp\/v2\/posts\/78858\/revisions"}],"predecessor-version":[{"id":78861,"href":"https:\/\/www.radioamigavallenar.cl\/index.php?rest_route=\/wp\/v2\/posts\/78858\/revisions\/78861"}],"wp:featuredmedia":[{"embeddable":true,"href":"https:\/\/www.radioamigavallenar.cl\/index.php?rest_route=\/wp\/v2\/media\/78859"}],"wp:attachment":[{"href":"https:\/\/www.radioamigavallenar.cl\/index.php?rest_route=%2Fwp%2Fv2%2Fmedia&parent=78858"}],"wp:term":[{"taxonomy":"category","embeddable":true,"href":"https:\/\/www.radioamigavallenar.cl\/index.php?rest_route=%2Fwp%2Fv2%2Fcategories&post=78858"},{"taxonomy":"post_tag","embeddable":true,"href":"https:\/\/www.radioamigavallenar.cl\/index.php?rest_route=%2Fwp%2Fv2%2Ftags&post=78858"}],"curies":[{"name":"wp","href":"https:\/\/api.w.org\/{rel}","templated":true}]}}