{"id":78855,"date":"2024-02-09T09:05:06","date_gmt":"2024-02-09T13:05:06","guid":{"rendered":"https:\/\/www.radioamigavallenar.cl\/?p=78855"},"modified":"2024-02-09T09:05:06","modified_gmt":"2024-02-09T13:05:06","slug":"reinauguran-planta-de-hielo-para-la-pesca-artesanal-en-caldera","status":"publish","type":"post","link":"https:\/\/www.radioamigavallenar.cl\/?p=78855","title":{"rendered":"Reinauguran planta de hielo para la pesca artesanal en Caldera"},"content":{"rendered":"<header class=\"cm-entry-header\">\n<h1 class=\"cm-entry-title\"><span style=\"font-size: 15px; font-weight: 400;\">El Sindicato de Trabajadores Independientes de Pescadores Artesanales de Caldera, realiz\u00f3 la reinauguraci\u00f3n del mejoramiento de la planta productora de hielo, proyecto de mejoramiento a cargo de Minera Candelaria en el marco del Programa de Apoyo a la Pesca Artesanal Sustentable, a la ceremonia asistieron la alcaldesa Brunilda Gonz\u00e1lez Anjel, el presidente del sindicato Pablo Aracena, el Capit\u00e1n de Puerto Cristian Paredes, el gerente de comunicaciones de Minera Candelaria Edwin Hidalgo y los pescadores socios del STI Pescadores Artesanales.<\/span><\/h1>\n<\/header>\n<div class=\"cm-entry-summary\">\n<p>El Presidente del STI Pescadores Artesanales, Pablo Aracena, indic\u00f3 \u201cEsto es un beneficio directo para los integrantes de nuestro sindicato, la idea es seguir trabajando hacia el futuro, para nosotros esto es un logro sumamente importante, queremos agradecer a minera candelaria por escuchar nuestra solicitud para concretar este proyecto, esto garantiza que el producto tenga mejor calidad para los clientes\u201d.<\/p>\n<p>Esta planta de hielo fue inaugurada en el a\u00f1o 2015, la cual est\u00e1 instalada en el sector del muelle fiscal de Caldera, tiene capacidad para producir aproximadamente cinco toneladas de hielo en escamas y va a beneficiar a los m\u00e1s de 70 socios de la organizaci\u00f3n.<\/p>\n<div class=\"code-block code-block-8\">\n<div id=\"300x250-A\"><\/div>\n<\/div>\n<p>Edwin Hidalgo, gerente de comunicaciones de Minera Candelaria, expres\u00f3 \u201cEs un momento bien importante, \u00a0es un proyecto de larga data, lo m\u00e1s valorable a mi juicio es el significado en dos perspectivas, primero la cantidad de actores que ac\u00e1 intervinieron partiendo por la Municipalidad entregando todos los tips para lo que es en cuanto a los permisos siguiendo por toda la organizaci\u00f3n de STI de Pescadores Artesanales y con un tremendo esfuerzo de mirada de dirigencias diferentes donde se involucraron en el proyecto y la otra parte que como Minera Candelaria estamos muy satisfecho de participar en este proyecto entregando los recursos para que esto se concrete. Esto es m\u00e1s all\u00e1 que una planta de hielo, esto significa salud, bienestar y entrega de productos de m\u00e1xima calidad manteniendo las cadenas de fr\u00edo para todos los consumidores, por lo tanto, el impacto es muy importante con una gran inversi\u00f3n y esto significa un paso m\u00e1s al desarrollo de proyectos de nuestra querida Caldera\u201d.<\/p>\n<p>El hielo en escamas, es muy importante para los pescadores artesanales, ya que les permite guardar tanto en las naves, como en el Muelle y de esta manera sus productos se puedan vender a un buen precio y este tipo de alianza entre minera Candelaria, la municipalidad de Caldera y la Pesca artesanal contribuyen de manera efectiva al desarrollo de la actividad pesquera, la pesca artesanal es un sector importante para la econom\u00eda de Atacama y particularmente para Caldera que vive de la pesca.<\/p>\n<div class=\"code-block code-block-9\">\n<div id=\"Inread\"><\/div>\n<\/div>\n<p>Brunilda Gonz\u00e1lez Anjel, alcaldesa de Caldera, se\u00f1al\u00f3 \u201cAgradecer el aporte de minera Candelaria, esta planta tiene un importante impacto econ\u00f3mico para los integrantes de STI Pescadores Artesanales para abastecer el producto en las embarcaciones y mantener una cadena de fr\u00edo en el producto, estamos muy contentos con la concreci\u00f3n de este proyecto, porque nos asiste el convencimiento que ser\u00e1 un real aporte a los miembros de esta organizaci\u00f3n y sus familias, que ahora cuentan nuevamente con el funcionamiento de esta planta de hielo que les permitir\u00e1 mejorar y diversificar sus condiciones laborales y en consecuencia su calidad de vida\u201d.<\/p>\n<div class=\"code-block code-block-3\">\n<div id=\"div-gpt-ad-2907678-11\">\n<div id=\"google_ads_iframe_\/22493012522\/Chanarcillo\/Interiores_300x250_2_0__container__\"><\/div>\n<\/div>\n<\/div>\n<p>Este aporte de la minera Candelaria a los pescadores artesanales de Caldera, se suma a otros programas y proyectos que han beneficiado a la comunidad en los \u00e1mbitos de fomento productivo, educaci\u00f3n, salud, cultura y medio ambiente.<\/p>\n<\/div>\n","protected":false},"excerpt":{"rendered":"<p>El Sindicato de Trabajadores Independientes de Pescadores Artesanales de Caldera, realiz\u00f3 la reinauguraci\u00f3n del mejoramiento de la planta productora de hielo, proyecto de mejoramiento a&hellip; <\/p>\n","protected":false},"author":2,"featured_media":78856,"comment_status":"open","ping_status":"closed","sticky":false,"template":"","format":"standard","meta":{"footnotes":""},"categories":[7],"tags":[],"class_list":["post-78855","post","type-post","status-publish","format-standard","has-post-thumbnail","hentry","category-atacama"],"_links":{"self":[{"href":"https:\/\/www.radioamigavallenar.cl\/index.php?rest_route=\/wp\/v2\/posts\/78855","targetHints":{"allow":["GET"]}}],"collection":[{"href":"https:\/\/www.radioamigavallenar.cl\/index.php?rest_route=\/wp\/v2\/posts"}],"about":[{"href":"https:\/\/www.radioamigavallenar.cl\/index.php?rest_route=\/wp\/v2\/types\/post"}],"author":[{"embeddable":true,"href":"https:\/\/www.radioamigavallenar.cl\/index.php?rest_route=\/wp\/v2\/users\/2"}],"replies":[{"embeddable":true,"href":"https:\/\/www.radioamigavallenar.cl\/index.php?rest_route=%2Fwp%2Fv2%2Fcomments&post=78855"}],"version-history":[{"count":1,"href":"https:\/\/www.radioamigavallenar.cl\/index.php?rest_route=\/wp\/v2\/posts\/78855\/revisions"}],"predecessor-version":[{"id":78857,"href":"https:\/\/www.radioamigavallenar.cl\/index.php?rest_route=\/wp\/v2\/posts\/78855\/revisions\/78857"}],"wp:featuredmedia":[{"embeddable":true,"href":"https:\/\/www.radioamigavallenar.cl\/index.php?rest_route=\/wp\/v2\/media\/78856"}],"wp:attachment":[{"href":"https:\/\/www.radioamigavallenar.cl\/index.php?rest_route=%2Fwp%2Fv2%2Fmedia&parent=78855"}],"wp:term":[{"taxonomy":"category","embeddable":true,"href":"https:\/\/www.radioamigavallenar.cl\/index.php?rest_route=%2Fwp%2Fv2%2Fcategories&post=78855"},{"taxonomy":"post_tag","embeddable":true,"href":"https:\/\/www.radioamigavallenar.cl\/index.php?rest_route=%2Fwp%2Fv2%2Ftags&post=78855"}],"curies":[{"name":"wp","href":"https:\/\/api.w.org\/{rel}","templated":true}]}}