{"id":78852,"date":"2024-02-09T08:45:28","date_gmt":"2024-02-09T12:45:28","guid":{"rendered":"https:\/\/www.radioamigavallenar.cl\/?p=78852"},"modified":"2024-02-09T08:45:28","modified_gmt":"2024-02-09T12:45:28","slug":"estudiantes-de-medicina-realizan-internado-de-psiquiatria-en-hospital-de-vallenar","status":"publish","type":"post","link":"https:\/\/www.radioamigavallenar.cl\/?p=78852","title":{"rendered":"Estudiantes de Medicina realizan Internado de Psiquiatr\u00eda en Hospital de Vallenar"},"content":{"rendered":"<div class=\"container fullwidth-entry-title-wrapper\">\n<div class=\"container-wrapper fullwidth-entry-title\">\n<header class=\"entry-header-outer\">\n<div class=\"entry-header\">\n<h1 class=\"post-title entry-title\"><\/h1>\n<\/div>\n<\/header>\n<\/div>\n<\/div>\n<div id=\"content\" class=\"site-content container\">\n<div id=\"main-content-row\" class=\"tie-row main-content-row\">\n<div class=\"main-content tie-col-md-8 tie-col-xs-12\" role=\"main\">\n<article id=\"the-post\" class=\"container-wrapper post-content tie-standard\">\n<div class=\"entry-content entry clearfix\">\n<p>Con el objetivo de establecer v\u00ednculos con casas estudiantiles de diferentes universidades; fomentar y generar nuevas experiencias de aprendizaje, dos estudiantes de la carrera de medicina de la Universidad de Atacama comenzaron a realizar su internado en el Hospital Provincial del Huasco (HPH) en Vallenar.<\/p>\n<p>\u201cEl ingreso de alumnas de la carrera de medicina de la Universidad de Atacama marca un inicio muy prospero de la relaci\u00f3n asistencial docente entre esta casa de estudios y nuestro Hospital Provincial cumpliendo la misi\u00f3n institucional de poder ser un centro asistencial docente. Marca el inicio del trabajo en equipo para poder formar m\u00e9dicos en Atacama y ojal\u00e1 que, en un futuro, los m\u00e9dicos se establezcan en nuestra regi\u00f3n para poder dar bienestar en nuestra comunidad\u201d enfatiz\u00f3 Juan Pablo Rojas, Director del HPH.<\/p>\n<p>Las estudiantes de la facultad de medicina de la Universidad Atacama van a realizar durante seis semanas su internado de psiquiatr\u00eda, el cual estar\u00e1 guiado por los docentes y psiquiatras Dra. Isabel Gonzalez y Dr. Manuel Parra. \u201cQueremos desearle el mejor de los \u00e9xitos en esta nueva etapa que inician. Este proceso es fundamental para poner en pr\u00e1ctica todo lo aprendido y comenzar a aplicar todo en la atenci\u00f3n con los pacientes bajo la supervisi\u00f3n de nuestros profesionales de la Red Asistencial. Sin duda ser\u00e1n un gran aporte y se sumar\u00e1n a la atenci\u00f3n que entregamos d\u00eda a d\u00eda a nuestros usuarios\u201d explic\u00f3 el Director del Servicio de Salud Atacama, Bernardo Villablanca.<\/p>\n<p>Cabe destacar que la Relaci\u00f3n Asistencial docente es un v\u00ednculo estrat\u00e9gico, de largo plazo, que une al sector p\u00fablico de salud con instituciones de educaci\u00f3n superior. El objetivo de esta alianza es formar y disponer de profesionales y t\u00e9cnicos competentes para satisfacer las necesidades de salud de la poblaci\u00f3n, generando un beneficio sobre la calidad de atenci\u00f3n que reciben los usuarios del Sistema Nacional de Servicios de Salud.<\/p>\n<p>Hoy, gracias al trabajo de la Relaci\u00f3n Asistencial Docente entre la facultad de Medicina de la Universidad y el Hospital Provincial del Huasco se est\u00e1 brindando la posibilidad de formaci\u00f3n acad\u00e9mica a trav\u00e9s del campo cl\u00ednico en la provincia para alumnos que se formen en Medicina General y que est\u00e1n buscando realizar diversos internados en especialidades para la formaci\u00f3n acad\u00e9mica m\u00e9dica.<\/p>\n<\/div>\n<\/article>\n<\/div>\n<\/div>\n<\/div>\n","protected":false},"excerpt":{"rendered":"<p>Con el objetivo de establecer v\u00ednculos con casas estudiantiles de diferentes universidades; fomentar y generar nuevas experiencias de aprendizaje, dos estudiantes de la carrera de&hellip; <\/p>\n","protected":false},"author":2,"featured_media":78853,"comment_status":"open","ping_status":"closed","sticky":false,"template":"","format":"standard","meta":{"footnotes":""},"categories":[38],"tags":[],"class_list":["post-78852","post","type-post","status-publish","format-standard","has-post-thumbnail","hentry","category-portada-regional"],"_links":{"self":[{"href":"https:\/\/www.radioamigavallenar.cl\/index.php?rest_route=\/wp\/v2\/posts\/78852","targetHints":{"allow":["GET"]}}],"collection":[{"href":"https:\/\/www.radioamigavallenar.cl\/index.php?rest_route=\/wp\/v2\/posts"}],"about":[{"href":"https:\/\/www.radioamigavallenar.cl\/index.php?rest_route=\/wp\/v2\/types\/post"}],"author":[{"embeddable":true,"href":"https:\/\/www.radioamigavallenar.cl\/index.php?rest_route=\/wp\/v2\/users\/2"}],"replies":[{"embeddable":true,"href":"https:\/\/www.radioamigavallenar.cl\/index.php?rest_route=%2Fwp%2Fv2%2Fcomments&post=78852"}],"version-history":[{"count":1,"href":"https:\/\/www.radioamigavallenar.cl\/index.php?rest_route=\/wp\/v2\/posts\/78852\/revisions"}],"predecessor-version":[{"id":78854,"href":"https:\/\/www.radioamigavallenar.cl\/index.php?rest_route=\/wp\/v2\/posts\/78852\/revisions\/78854"}],"wp:featuredmedia":[{"embeddable":true,"href":"https:\/\/www.radioamigavallenar.cl\/index.php?rest_route=\/wp\/v2\/media\/78853"}],"wp:attachment":[{"href":"https:\/\/www.radioamigavallenar.cl\/index.php?rest_route=%2Fwp%2Fv2%2Fmedia&parent=78852"}],"wp:term":[{"taxonomy":"category","embeddable":true,"href":"https:\/\/www.radioamigavallenar.cl\/index.php?rest_route=%2Fwp%2Fv2%2Fcategories&post=78852"},{"taxonomy":"post_tag","embeddable":true,"href":"https:\/\/www.radioamigavallenar.cl\/index.php?rest_route=%2Fwp%2Fv2%2Ftags&post=78852"}],"curies":[{"name":"wp","href":"https:\/\/api.w.org\/{rel}","templated":true}]}}