{"id":78850,"date":"2024-02-09T08:42:55","date_gmt":"2024-02-09T12:42:55","guid":{"rendered":"https:\/\/www.radioamigavallenar.cl\/?p=78850"},"modified":"2024-02-09T08:42:55","modified_gmt":"2024-02-09T12:42:55","slug":"declara-alerta-amarilla-para-las-comunas-de-copiapo-y-alto-del-carmen","status":"publish","type":"post","link":"https:\/\/www.radioamigavallenar.cl\/?p=78850","title":{"rendered":"Declara Alerta Amarilla para las comunas de Copiap\u00f3 y Alto del Carmen"},"content":{"rendered":"<p>De acuerdo con la informaci\u00f3n proporcionada por la <strong>Direcci\u00f3n Meteorol\u00f3gica de Chile (DMC)<\/strong>, se mantienen vigentes los siguientes alertamientos meteorol\u00f3gicos para la Regi\u00f3n de Atacama:<\/p>\n<p>Asimismo, de acuerdo con lo indicado en el Informe de Amenaza Meteorol\u00f3gica y Alerta AA10\/2024, los montos estimados de precipitaciones (mm) e isoterma 0\u00b0C (m.s.n.m.) son los siguientes:<\/p>\n<p>&nbsp;<\/p>\n<p>Por otra parte, el <strong>Servicio Nacional de Geolog\u00eda y Miner\u00eda (SERNAGEOMIN)<\/strong>, mediante su Minuta por Peligro de Remociones en Masa, indica que la posibilidad de ocurrencia de remociones en masa, tales como flujos de detritos (aluviones), deslizamientos y\/o ca\u00edda de rocas (derrumbes) es la siguiente:<\/p>\n<p>&nbsp;<\/p>\n<p>Adem\u00e1s, tomando en consideraci\u00f3n el aumento de caudal en distintas quebradas y la activaci\u00f3n de flujos de detritos que se han producido en zonas de precordillera y cordillera. Asimismo, se registran alteraciones de conectividad en las rutas CH-31 (km 102-107-112) y ruta C-601, perteneciente a la comuna de Copiap\u00f3 y de la ruta C-489 (km 78), perteneciente a la comuna de Alto del Carmen y en diversos caminos interiores. Por otra parte, se reportan personas aisladas producto del desarrollo de este evento meteorol\u00f3gico.<\/p>\n<p>&nbsp;<\/p>\n<p>En consideraci\u00f3n a lo anterior, la Direcci\u00f3n Regional del SENAPRED en coordinaci\u00f3n con la Delegaci\u00f3n Presidencial Regional de Atacama, <strong>declara Alerta Amarilla para las comunas de Copiap\u00f3 y Alto del Carmen<\/strong>, por evento meteorol\u00f3gico, vigente desde hoy y hasta que las condiciones as\u00ed lo ameriten.<\/p>\n<p>&nbsp;<\/p>\n<p>Con la declaraci\u00f3n de esta Alerta Amarilla, se movilizar\u00e1n todos los recursos necesarios y disponibles para actuar y controlar la situaci\u00f3n, dada la extensi\u00f3n y severidad del evento.<\/p>\n","protected":false},"excerpt":{"rendered":"<p>De acuerdo con la informaci\u00f3n proporcionada por la Direcci\u00f3n Meteorol\u00f3gica de Chile (DMC), se mantienen vigentes los siguientes alertamientos meteorol\u00f3gicos para la Regi\u00f3n de Atacama:&hellip; <\/p>\n","protected":false},"author":2,"featured_media":0,"comment_status":"open","ping_status":"closed","sticky":false,"template":"","format":"standard","meta":{"footnotes":""},"categories":[38],"tags":[],"class_list":["post-78850","post","type-post","status-publish","format-standard","hentry","category-portada-regional"],"_links":{"self":[{"href":"https:\/\/www.radioamigavallenar.cl\/index.php?rest_route=\/wp\/v2\/posts\/78850","targetHints":{"allow":["GET"]}}],"collection":[{"href":"https:\/\/www.radioamigavallenar.cl\/index.php?rest_route=\/wp\/v2\/posts"}],"about":[{"href":"https:\/\/www.radioamigavallenar.cl\/index.php?rest_route=\/wp\/v2\/types\/post"}],"author":[{"embeddable":true,"href":"https:\/\/www.radioamigavallenar.cl\/index.php?rest_route=\/wp\/v2\/users\/2"}],"replies":[{"embeddable":true,"href":"https:\/\/www.radioamigavallenar.cl\/index.php?rest_route=%2Fwp%2Fv2%2Fcomments&post=78850"}],"version-history":[{"count":1,"href":"https:\/\/www.radioamigavallenar.cl\/index.php?rest_route=\/wp\/v2\/posts\/78850\/revisions"}],"predecessor-version":[{"id":78851,"href":"https:\/\/www.radioamigavallenar.cl\/index.php?rest_route=\/wp\/v2\/posts\/78850\/revisions\/78851"}],"wp:attachment":[{"href":"https:\/\/www.radioamigavallenar.cl\/index.php?rest_route=%2Fwp%2Fv2%2Fmedia&parent=78850"}],"wp:term":[{"taxonomy":"category","embeddable":true,"href":"https:\/\/www.radioamigavallenar.cl\/index.php?rest_route=%2Fwp%2Fv2%2Fcategories&post=78850"},{"taxonomy":"post_tag","embeddable":true,"href":"https:\/\/www.radioamigavallenar.cl\/index.php?rest_route=%2Fwp%2Fv2%2Ftags&post=78850"}],"curies":[{"name":"wp","href":"https:\/\/api.w.org\/{rel}","templated":true}]}}