{"id":78769,"date":"2024-02-06T00:14:22","date_gmt":"2024-02-06T04:14:22","guid":{"rendered":"https:\/\/www.radioamigavallenar.cl\/?p=78769"},"modified":"2024-02-05T23:14:38","modified_gmt":"2024-02-06T03:14:38","slug":"con-limpieza-y-charla-explicativa-celebran-el-dia-mundial-de-los-humedales-en-carrizal-bajo-y-vallenar","status":"publish","type":"post","link":"https:\/\/www.radioamigavallenar.cl\/?p=78769","title":{"rendered":"Con limpieza y charla explicativa celebran el D\u00eda Mundial de los Humedales en Carrizal Bajo y Vallenar"},"content":{"rendered":"<p>&nbsp;<\/p>\n<p><span style=\"font-weight: 400;\">Los humedales son \u00e1reas terrestres naturales o artificiales que se inundan de agua dulce o salada de manera estacional o permanente. El Santuario de la Naturaleza de Carrizal Bajo y el Humedal Urbano Paseo Ribere\u00f1o de Vallenar son algunos de ellos.<\/span><\/p>\n<p>&nbsp;<\/p>\n<p><span style=\"font-weight: 400;\">En la Provincia del Huasco fue celebrado el D\u00eda Mundial de los Humedales, donde se conmemor\u00f3 la fecha en que se firm\u00f3 la Convenci\u00f3n Internacional sobre los Humedales o Convenci\u00f3n Ramsar, el 2 de febrero de 1971. Una oportunidad para que todas las naciones y personas se unan para promover su relevancia y la necesidad de acci\u00f3n en favor de los humedales.<\/span><\/p>\n<p><span style=\"font-weight: 400;\">Estos ecosistemas acu\u00e1ticos, poseen un alto valor ecol\u00f3gico al permitir el desarrollo de una gran biodiversidad, muchas veces end\u00e9mica (que existe solo en ese lugar) y\/o con problemas de conservaci\u00f3n. Los humedales ayudan a reducir la contaminaci\u00f3n del agua, generan suelo f\u00e9rtil, previenen la erosi\u00f3n y nos protegen de las inundaciones y maremotos.<\/span><\/p>\n<p><span style=\"font-weight: 400;\">En ese \u00e1mbito la SEREMI del Medio Ambiente, Natalia Penroz, encabez\u00f3 el D\u00eda Internacional de los Humedales en el Santuario de la Naturaleza de Carrizal Bajo donde particip\u00f3 junto a los funcionarios de la I. Municipalidad de Huasco, integrantes de Conaf y vecinas y vecinos del sector en la limpieza del Santuario de la Naturaleza.<\/span><\/p>\n<p><span style=\"font-weight: 400;\">La SEREMI Penroz, expres\u00f3 que \u201cestamos celebrando el d\u00eda internacional de los humedales en la Provincia del Huasco y en toda Atacama para recordar la importancia de estos ecosistemas para la humanidad y el planeta. Es necesario tomar acciones para conservar y restaurar los humedales, ya que son esenciales para la salud, el bienestar humano y el desarrollo de las personas\u201d.<\/span><\/p>\n<p><span style=\"font-weight: 400;\">En el lugar se logra apreciar este valioso ecosistema, donde es posible ver un afloramiento de agua subterr\u00e1nea que alberga al cisne coscoroba, garzas, variadas especies de patos, taguas y otras aves migratorias que nidifican en estos humedales, adem\u00e1s de reptiles, mam\u00edferos y roedores.<\/span><\/p>\n<p><span style=\"font-weight: 400;\">Por la tarde la SEREMI, se traslad\u00f3 hasta el Humedal Urbano Paseo Ribere\u00f1o de la ciudad de Vallenar para participar con un stand informativo junto al Alcalde de la comuna Armando Flores, funcionarios municipales, otros expositores, vecinas y vecinos. Adem\u00e1s, la profesional de Ecosistemas Acu\u00e1ticos perteneciente a la seremi, ofreci\u00f3 una charla explicativa sobre la importancia de los humedales y la necesidad de protecci\u00f3n en la Regi\u00f3n de Atacama.<\/span><\/p>\n<p><span style=\"font-weight: 400;\">El humedal Paseo Ribere\u00f1o de Vallenar, en la comuna de Vallenar, corresponde a un humedal urbano, con una superficie de 98,4 hect\u00e1reas, ubicado parcialmente dentro de del l\u00edmite urbano de la comuna de Vallenar acorde a su Plan Regulador comunal vigente. Este tramo del r\u00edo Huasco que ha sido por d\u00e9cadas, un lugar tur\u00edstico y de recreaci\u00f3n para los vallenarinos, albergando una gran cantidad de especies de flora y fauna, de la Regi\u00f3n de Atacama, como el camar\u00f3n de r\u00edo, clasificada Vulnerable seg\u00fan el Reglamento de Clasificaci\u00f3n de Especies (RCE) DS 52\/2014 MMA.<\/span><\/p>\n<p><span style=\"font-weight: 400;\">Las actividades culminaron con el descubrimiento de un cartel informativo con detalles del Humedal Urbano, adem\u00e1s de fotograf\u00edas de aves que habitan la zona para crear conciencia en toda la comuna sobre el valor de los humedales, destacando la importancia en su contribuci\u00f3n al futuro de las ciudades sostenibles.<\/span><\/p>\n<p>&nbsp;<\/p>\n","protected":false},"excerpt":{"rendered":"<p>&nbsp; Los humedales son \u00e1reas terrestres naturales o artificiales que se inundan de agua dulce o salada de manera estacional o permanente. El Santuario de&hellip; <\/p>\n","protected":false},"author":2,"featured_media":78770,"comment_status":"open","ping_status":"closed","sticky":false,"template":"","format":"standard","meta":{"footnotes":""},"categories":[38],"tags":[],"class_list":["post-78769","post","type-post","status-publish","format-standard","has-post-thumbnail","hentry","category-portada-regional"],"_links":{"self":[{"href":"https:\/\/www.radioamigavallenar.cl\/index.php?rest_route=\/wp\/v2\/posts\/78769","targetHints":{"allow":["GET"]}}],"collection":[{"href":"https:\/\/www.radioamigavallenar.cl\/index.php?rest_route=\/wp\/v2\/posts"}],"about":[{"href":"https:\/\/www.radioamigavallenar.cl\/index.php?rest_route=\/wp\/v2\/types\/post"}],"author":[{"embeddable":true,"href":"https:\/\/www.radioamigavallenar.cl\/index.php?rest_route=\/wp\/v2\/users\/2"}],"replies":[{"embeddable":true,"href":"https:\/\/www.radioamigavallenar.cl\/index.php?rest_route=%2Fwp%2Fv2%2Fcomments&post=78769"}],"version-history":[{"count":1,"href":"https:\/\/www.radioamigavallenar.cl\/index.php?rest_route=\/wp\/v2\/posts\/78769\/revisions"}],"predecessor-version":[{"id":78771,"href":"https:\/\/www.radioamigavallenar.cl\/index.php?rest_route=\/wp\/v2\/posts\/78769\/revisions\/78771"}],"wp:featuredmedia":[{"embeddable":true,"href":"https:\/\/www.radioamigavallenar.cl\/index.php?rest_route=\/wp\/v2\/media\/78770"}],"wp:attachment":[{"href":"https:\/\/www.radioamigavallenar.cl\/index.php?rest_route=%2Fwp%2Fv2%2Fmedia&parent=78769"}],"wp:term":[{"taxonomy":"category","embeddable":true,"href":"https:\/\/www.radioamigavallenar.cl\/index.php?rest_route=%2Fwp%2Fv2%2Fcategories&post=78769"},{"taxonomy":"post_tag","embeddable":true,"href":"https:\/\/www.radioamigavallenar.cl\/index.php?rest_route=%2Fwp%2Fv2%2Ftags&post=78769"}],"curies":[{"name":"wp","href":"https:\/\/api.w.org\/{rel}","templated":true}]}}