{"id":7777,"date":"2017-12-14T14:43:53","date_gmt":"2017-12-14T17:43:53","guid":{"rendered":"http:\/\/www.radioamigavallenar.cl\/?p=7777"},"modified":"2017-12-14T14:43:53","modified_gmt":"2017-12-14T17:43:53","slug":"con-apoyo-del-gobierno-tradicional-restaurant-de-barranquilla-adquirio-nuevos-implementos","status":"publish","type":"post","link":"https:\/\/www.radioamigavallenar.cl\/?p=7777","title":{"rendered":"Con apoyo del Gobierno tradicional restaurant de Barranquilla adquiri\u00f3 nuevos implementos"},"content":{"rendered":"<p style=\"text-align: justify;\"><a href=\"http:\/\/www.radioamigavallenar.cl\/wp-content\/uploads\/2017\/12\/Apoyo-SERCOTEC.jpg\"><img loading=\"lazy\" decoding=\"async\" class=\" size-medium wp-image-7778 aligncenter\" src=\"http:\/\/www.radioamigavallenar.cl\/wp-content\/uploads\/2017\/12\/Apoyo-SERCOTEC-300x225.jpg\" alt=\"Apoyo SERCOTEC\" width=\"300\" height=\"225\" srcset=\"https:\/\/www.radioamigavallenar.cl\/wp-content\/uploads\/2017\/12\/Apoyo-SERCOTEC-300x225.jpg 300w, https:\/\/www.radioamigavallenar.cl\/wp-content\/uploads\/2017\/12\/Apoyo-SERCOTEC.jpg 700w\" sizes=\"auto, (max-width: 300px) 100vw, 300px\" \/><\/a><\/p>\n<p style=\"text-align: justify;\">Una cocina industrial de 6 platos, una amasadora, un caldero, un generador el\u00e9ctrico, un notebook, 11 juegos de comedor (de 6 y de 4 sillas), un sart\u00e9n, basureros e implementos de cocina, sumado a la habilitaci\u00f3n de techumbre (con la que se construye un segundo nivel), son algunos de los nuevos implementos que adquiri\u00f3 el tradicional restaurant \u201cYo Warner\u201d en la caleta de Barranquilla, con apoyo del Gobierno a trav\u00e9s del programa de Sercotec \u201cCrece Abeja 2017\u201d.<\/p>\n<p style=\"text-align: justify;\">As\u00ed lo constat\u00f3 en terreno, la directora regional de dicha entidad, Any Dorador Alfaro, qui\u00e9n tras compartir con la familia beneficiada, afirm\u00f3 que \u201ceste local al mejorar sus condiciones en la cocina, podr\u00e1 acelerar la preparaci\u00f3n de sus productos y atender m\u00e1s r\u00e1pido a sus clientes. Hemos visto una renovaci\u00f3n de las mesas y sillas, lo que sin duda mejorar\u00e1 la comodidad de quienes visitan el restaurant. Es importante relevar tambi\u00e9n que hoy, esta micro empresa renov\u00f3 su generador de luz y ya no existen ruidos molestos, como suced\u00eda con el generador anterior. Hemos aportado con un granito de arena para mejorar la calidad de vida de estos microempresarios\u201d.<\/p>\n<p style=\"text-align: justify;\">La se\u00f1ora Mar\u00eda Zepeda, propietaria del restaurant, expres\u00f3 su satisfacci\u00f3n y alegr\u00eda por los avances que ha logrado junto a su esposo y Sercotec. \u00a0y precis\u00f3 que \u201cno s\u00f3lo contamos con nuevos equipos, sino que tambi\u00e9n recib\u00ed capacitaci\u00f3n en la manipulaci\u00f3n de alimentos. Cobtamos con herramientas de promoci\u00f3n y publicidad (pendones), tales como ropa corporativa, gorros, pecheras, manteles, tazones estampados con logo, calendarios, por nombrar algunos ejemplos\u201d.<\/p>\n<p style=\"text-align: justify;\">El programa Crece es un subsidio no reembolsable de Sercotec destinado a potenciar el crecimiento de las micro y peque\u00f1as empresas o su acceso a nuevas oportunidades de negocio. Apoya la implementaci\u00f3n de un plan de trabajo que incluye acciones de gesti\u00f3n empresarial (asistencias t\u00e9cnicas, capacitaci\u00f3n o acciones de marketing) para el fortalecimiento de competencias de los empresarios y empresarias, as\u00ed como el financiamiento de inversiones.<\/p>\n<p style=\"text-align: justify;\"><strong>Inauguraci\u00f3n<\/strong><\/p>\n<p style=\"text-align: justify;\">Ayer\u00a0se realizar\u00f3 la inauguraci\u00f3n del segundo nivel del restaurant y de las nuevas herramientas de trabajo que,Mar\u00eda Zepeda junto a su esposo Warner Vera, adquirieron gracias al programa Crece Abeja de Sercotec. Con una inversi\u00f3n de $5.322.000 (de los cuales Sercotec aport\u00f3 con $4.435.000 y la microempresa con $887.000), el local \u201cYo Warner\u201d de Caldera renov\u00f3 m\u00e1quinas y su due\u00f1a recibi\u00f3 capacitaci\u00f3n empresarial.<\/p>\n","protected":false},"excerpt":{"rendered":"<p>Una cocina industrial de 6 platos, una amasadora, un caldero, un generador el\u00e9ctrico, un notebook, 11 juegos de comedor (de 6 y de 4 sillas),&hellip; <\/p>\n","protected":false},"author":2,"featured_media":7778,"comment_status":"open","ping_status":"closed","sticky":false,"template":"","format":"standard","meta":{"footnotes":""},"categories":[7],"tags":[],"class_list":["post-7777","post","type-post","status-publish","format-standard","has-post-thumbnail","hentry","category-atacama"],"_links":{"self":[{"href":"https:\/\/www.radioamigavallenar.cl\/index.php?rest_route=\/wp\/v2\/posts\/7777","targetHints":{"allow":["GET"]}}],"collection":[{"href":"https:\/\/www.radioamigavallenar.cl\/index.php?rest_route=\/wp\/v2\/posts"}],"about":[{"href":"https:\/\/www.radioamigavallenar.cl\/index.php?rest_route=\/wp\/v2\/types\/post"}],"author":[{"embeddable":true,"href":"https:\/\/www.radioamigavallenar.cl\/index.php?rest_route=\/wp\/v2\/users\/2"}],"replies":[{"embeddable":true,"href":"https:\/\/www.radioamigavallenar.cl\/index.php?rest_route=%2Fwp%2Fv2%2Fcomments&post=7777"}],"version-history":[{"count":0,"href":"https:\/\/www.radioamigavallenar.cl\/index.php?rest_route=\/wp\/v2\/posts\/7777\/revisions"}],"wp:featuredmedia":[{"embeddable":true,"href":"https:\/\/www.radioamigavallenar.cl\/index.php?rest_route=\/wp\/v2\/media\/7778"}],"wp:attachment":[{"href":"https:\/\/www.radioamigavallenar.cl\/index.php?rest_route=%2Fwp%2Fv2%2Fmedia&parent=7777"}],"wp:term":[{"taxonomy":"category","embeddable":true,"href":"https:\/\/www.radioamigavallenar.cl\/index.php?rest_route=%2Fwp%2Fv2%2Fcategories&post=7777"},{"taxonomy":"post_tag","embeddable":true,"href":"https:\/\/www.radioamigavallenar.cl\/index.php?rest_route=%2Fwp%2Fv2%2Ftags&post=7777"}],"curies":[{"name":"wp","href":"https:\/\/api.w.org\/{rel}","templated":true}]}}