{"id":73309,"date":"2023-08-03T12:11:05","date_gmt":"2023-08-03T16:11:05","guid":{"rendered":"https:\/\/www.radioamigavallenar.cl\/?p=73309"},"modified":"2023-08-03T12:11:05","modified_gmt":"2023-08-03T16:11:05","slug":"nancy-perez-enami-expone-en-charla-sobre-transformacion-digital-en-la-industria-minera","status":"publish","type":"post","link":"https:\/\/www.radioamigavallenar.cl\/?p=73309","title":{"rendered":"Nancy P\u00e9rez (Enami) expone en charla sobre transformaci\u00f3n digital en la industria minera"},"content":{"rendered":"<p>En el marco del Programa de innovaci\u00f3n abierta \u201c<strong>Tantay Atacama<\/strong>\u201c, desarrollado por la Universidad T\u00e9cnica Federico Santa Mar\u00eda a trav\u00e9s del Instituto 3IE, en colaboraci\u00f3n con la consultora Widegroup y financiado con el\u00a0<strong>Fondo de Innovaci\u00f3n para la Competitividad<\/strong>\u00a0(FIC) del Gobierno Regional de Atacama, se llev\u00f3 a cabo la charla<strong>\u00a0\u201cTecnolog\u00eda e innovaci\u00f3n: Un componente clave en la estrategia de negocio de las empresas mineras\u201d.<\/strong><\/p>\n<p><strong>El evento,\u00a0<\/strong>realizado en el Antay Casino &amp; Hotel de la ciudad de Copiap\u00f3,<strong>\u00a0reuni\u00f3 a representantes de compa\u00f1\u00edas mineras de diversos tama\u00f1os, empresas proveedoras, startups, instituciones de educaci\u00f3n superior y centros de I+D+i.<\/strong><\/p>\n<p>Durante la charla, la directora de Enami,<strong>\u00a0Nancy P\u00e9rez,<\/strong>\u00a0expuso sobre la incorporaci\u00f3n de tecnolog\u00edas digitales en el sector minero, donde manifest\u00f3 que \u201c<strong>el objetivo es ver, a trav\u00e9s de una gobernanza, c\u00f3mo incorporar las tecnolog\u00edas digitales en el sector minero\u201d.<\/strong><\/p>\n<p>En esa misma l\u00ednea sostuvo que \u201c<strong>necesitamos que distintos actores nos pongamos de acuerdo en c\u00f3mo aprovechar el potencial de las tecnolog\u00edas, para impulsar la transformaci\u00f3n de la industria<\/strong>; haci\u00e9ndonos cargo de distintas aristas como los desaf\u00edos medioambientales y la transformaci\u00f3n productiva. La idea es que esa diversificaci\u00f3n pueda empezar a tener un norte donde todos estemos de acuerdo\u201d.<\/p>\n<p>Cabe destacar que Nancy P\u00e9rez adem\u00e1s es miembro del Consejo Directivo de la Direcci\u00f3n de Emprendimiento de la Universidad T\u00e9cnica Federico Santa Mar\u00edau presidenta del Consejo Asesor de la Facultad de Ingenier\u00eda de la Universidad Alberto Hurtado, y asesora en Minverso, el primer metaverso minero creado desde Latinoam\u00e9rica.<\/p>\n<p><strong>\u201cTantay Atacama\u201d<\/strong>\u00a0es una iniciativa que tiene por objetivo<strong>\u00a0impulsar el desarrollo de soluciones digitales que aborden los desaf\u00edos de competitividad en la industria minera met\u00e1lica de la regi\u00f3n<\/strong>, mejorando la productividad, optimizando costos y maximizando el aprovechamiento de los equipos e insumos utilizados en las operaciones mineras.<\/p>\n","protected":false},"excerpt":{"rendered":"<p>En el marco del Programa de innovaci\u00f3n abierta \u201cTantay Atacama\u201c, desarrollado por la Universidad T\u00e9cnica Federico Santa Mar\u00eda a trav\u00e9s del Instituto 3IE, en colaboraci\u00f3n&hellip; <\/p>\n","protected":false},"author":2,"featured_media":73310,"comment_status":"open","ping_status":"closed","sticky":false,"template":"","format":"standard","meta":{"footnotes":""},"categories":[7],"tags":[],"class_list":["post-73309","post","type-post","status-publish","format-standard","has-post-thumbnail","hentry","category-atacama"],"_links":{"self":[{"href":"https:\/\/www.radioamigavallenar.cl\/index.php?rest_route=\/wp\/v2\/posts\/73309","targetHints":{"allow":["GET"]}}],"collection":[{"href":"https:\/\/www.radioamigavallenar.cl\/index.php?rest_route=\/wp\/v2\/posts"}],"about":[{"href":"https:\/\/www.radioamigavallenar.cl\/index.php?rest_route=\/wp\/v2\/types\/post"}],"author":[{"embeddable":true,"href":"https:\/\/www.radioamigavallenar.cl\/index.php?rest_route=\/wp\/v2\/users\/2"}],"replies":[{"embeddable":true,"href":"https:\/\/www.radioamigavallenar.cl\/index.php?rest_route=%2Fwp%2Fv2%2Fcomments&post=73309"}],"version-history":[{"count":1,"href":"https:\/\/www.radioamigavallenar.cl\/index.php?rest_route=\/wp\/v2\/posts\/73309\/revisions"}],"predecessor-version":[{"id":73311,"href":"https:\/\/www.radioamigavallenar.cl\/index.php?rest_route=\/wp\/v2\/posts\/73309\/revisions\/73311"}],"wp:featuredmedia":[{"embeddable":true,"href":"https:\/\/www.radioamigavallenar.cl\/index.php?rest_route=\/wp\/v2\/media\/73310"}],"wp:attachment":[{"href":"https:\/\/www.radioamigavallenar.cl\/index.php?rest_route=%2Fwp%2Fv2%2Fmedia&parent=73309"}],"wp:term":[{"taxonomy":"category","embeddable":true,"href":"https:\/\/www.radioamigavallenar.cl\/index.php?rest_route=%2Fwp%2Fv2%2Fcategories&post=73309"},{"taxonomy":"post_tag","embeddable":true,"href":"https:\/\/www.radioamigavallenar.cl\/index.php?rest_route=%2Fwp%2Fv2%2Ftags&post=73309"}],"curies":[{"name":"wp","href":"https:\/\/api.w.org\/{rel}","templated":true}]}}