{"id":7302,"date":"2017-10-30T09:36:15","date_gmt":"2017-10-30T12:36:15","guid":{"rendered":"http:\/\/www.radioamigavallenar.cl\/?p=7302"},"modified":"2017-10-30T09:36:15","modified_gmt":"2017-10-30T12:36:15","slug":"pdi-indaga-muerte-de-poblador-en-sector-la-antena-de-vallenar","status":"publish","type":"post","link":"https:\/\/www.radioamigavallenar.cl\/?p=7302","title":{"rendered":"PDI indaga muerte de poblador en sector La Antena de Vallenar"},"content":{"rendered":"<p style=\"text-align: center;\"><a href=\"http:\/\/www.radioamigavallenar.cl\/wp-content\/uploads\/2017\/07\/PDI-Referencial.jpg\"><img loading=\"lazy\" decoding=\"async\" class=\"alignnone size-medium wp-image-5369\" src=\"http:\/\/www.radioamigavallenar.cl\/wp-content\/uploads\/2017\/07\/PDI-Referencial-300x144.jpg\" alt=\"PDI Referencial\" width=\"300\" height=\"144\" srcset=\"https:\/\/www.radioamigavallenar.cl\/wp-content\/uploads\/2017\/07\/PDI-Referencial-300x144.jpg 300w, https:\/\/www.radioamigavallenar.cl\/wp-content\/uploads\/2017\/07\/PDI-Referencial.jpg 700w\" sizes=\"auto, (max-width: 300px) 100vw, 300px\" \/><\/a><\/p>\n<p style=\"text-align: justify;\">Efectivos policiales de la Brigada de Investigaci\u00f3n Criminal (Bicrim) de la PDI de Vallenar, investigaron una muerte y hallazgo de cad\u00e1ver durante el pasado s\u00e1bado en la poblaci\u00f3n La Antena de la capital provincial del Huasco.<\/p>\n<p style=\"text-align: justify;\">El jefe de la Bicrim de Vallenar comisario Luis Olea se\u00f1al\u00f3 \u201cla indagatoria fue instruida por el fiscal jefe de Vallenar Julio Artigas, concurriendo los detectives hasta calle Miraflores de la poblaci\u00f3n La Antena, comenzando las primeras diligencias policiales en el sitio del suceso\u201d.<\/p>\n<p style=\"text-align: justify;\">Al respecto, el comisario Olea agreg\u00f3 \u201cel fallecido era un adulto mayor, pudiendo establecer en funci\u00f3n al an\u00e1lisis el sitio del suceso, la reconstrucci\u00f3n de antecedentes y el examen externo del cad\u00e1ver, que el deceso se vincula a causas naturales, descartando la participaci\u00f3n de terceros, encontr\u00e1ndonos a la espera de la confirmaci\u00f3n mediante la respectiva necropsia de rigor\u201d.<\/p>\n<p style=\"text-align: justify;\">El cuerpo del hombre, identificado como C.I.H.G. (65 a\u00f1os) fue retirado por personal del Servicio M\u00e9dico Legal para la respectiva necropsia, remiti\u00e9ndose todos los antecedentes de la concurrencia a la Fiscal\u00eda Local de Vallenar.<\/p>\n","protected":false},"excerpt":{"rendered":"<p>Efectivos policiales de la Brigada de Investigaci\u00f3n Criminal (Bicrim) de la PDI de Vallenar, investigaron una muerte y hallazgo de cad\u00e1ver durante el pasado s\u00e1bado&hellip; <\/p>\n","protected":false},"author":2,"featured_media":5369,"comment_status":"open","ping_status":"closed","sticky":false,"template":"","format":"standard","meta":{"footnotes":""},"categories":[6],"tags":[],"class_list":["post-7302","post","type-post","status-publish","format-standard","has-post-thumbnail","hentry","category-policial"],"_links":{"self":[{"href":"https:\/\/www.radioamigavallenar.cl\/index.php?rest_route=\/wp\/v2\/posts\/7302","targetHints":{"allow":["GET"]}}],"collection":[{"href":"https:\/\/www.radioamigavallenar.cl\/index.php?rest_route=\/wp\/v2\/posts"}],"about":[{"href":"https:\/\/www.radioamigavallenar.cl\/index.php?rest_route=\/wp\/v2\/types\/post"}],"author":[{"embeddable":true,"href":"https:\/\/www.radioamigavallenar.cl\/index.php?rest_route=\/wp\/v2\/users\/2"}],"replies":[{"embeddable":true,"href":"https:\/\/www.radioamigavallenar.cl\/index.php?rest_route=%2Fwp%2Fv2%2Fcomments&post=7302"}],"version-history":[{"count":0,"href":"https:\/\/www.radioamigavallenar.cl\/index.php?rest_route=\/wp\/v2\/posts\/7302\/revisions"}],"wp:featuredmedia":[{"embeddable":true,"href":"https:\/\/www.radioamigavallenar.cl\/index.php?rest_route=\/wp\/v2\/media\/5369"}],"wp:attachment":[{"href":"https:\/\/www.radioamigavallenar.cl\/index.php?rest_route=%2Fwp%2Fv2%2Fmedia&parent=7302"}],"wp:term":[{"taxonomy":"category","embeddable":true,"href":"https:\/\/www.radioamigavallenar.cl\/index.php?rest_route=%2Fwp%2Fv2%2Fcategories&post=7302"},{"taxonomy":"post_tag","embeddable":true,"href":"https:\/\/www.radioamigavallenar.cl\/index.php?rest_route=%2Fwp%2Fv2%2Ftags&post=7302"}],"curies":[{"name":"wp","href":"https:\/\/api.w.org\/{rel}","templated":true}]}}