{"id":7293,"date":"2017-10-30T09:28:57","date_gmt":"2017-10-30T12:28:57","guid":{"rendered":"http:\/\/www.radioamigavallenar.cl\/?p=7293"},"modified":"2017-10-30T09:32:49","modified_gmt":"2017-10-30T12:32:49","slug":"autores-de-robo-utilizando-gas-pimienta-fueron-sentenciados-a-penas-efectivas-de-carcel","status":"publish","type":"post","link":"https:\/\/www.radioamigavallenar.cl\/?p=7293","title":{"rendered":"(AUDIO) Autores de robo utilizando gas pimienta fueron sentenciados a penas efectivas de c\u00e1rcel"},"content":{"rendered":"<p style=\"text-align: center;\"><a href=\"http:\/\/www.radioamigavallenar.cl\/wp-content\/uploads\/2017\/04\/Fiscal-Zolessi.jpg\"><img loading=\"lazy\" decoding=\"async\" class=\"alignnone size-medium wp-image-4572\" src=\"http:\/\/www.radioamigavallenar.cl\/wp-content\/uploads\/2017\/04\/Fiscal-Zolessi-300x210.jpg\" alt=\"Fiscal Zolessi\" width=\"300\" height=\"210\" srcset=\"https:\/\/www.radioamigavallenar.cl\/wp-content\/uploads\/2017\/04\/Fiscal-Zolessi-300x210.jpg 300w, https:\/\/www.radioamigavallenar.cl\/wp-content\/uploads\/2017\/04\/Fiscal-Zolessi.jpg 700w\" sizes=\"auto, (max-width: 300px) 100vw, 300px\" \/><\/a><\/p>\n<p style=\"text-align: justify;\">Condenados como coautores del delito de robo con violencia resultaron dos imputados a quienes la Fiscal\u00eda de Atacama consigui\u00f3 demostrar su actuaci\u00f3n en este il\u00edcito, hecho ocurrido en Copiap\u00f3 en diciembre del a\u00f1o pasado.<\/p>\n<p style=\"text-align: justify;\">Los antecedentes contenidos en la acusaci\u00f3n de este caso fueron dados a conocer en audiencia de Juicio Oral por el fiscal Nicol\u00e1s Zolezzi Briones, quien consigui\u00f3 demostrar que ambos condenados utilizaron gas pimienta en el rostro de sus v\u00edctimas para poder sustraerles una suma aproximada de 30 millones de pesos que ten\u00eda como destino el pago de los sueldos de una empresa minera de la ciudad.<\/p>\n<p style=\"text-align: justify;\">\u201cLa investigaci\u00f3n de la Fiscal\u00eda determin\u00f3 que los dos condenados, adem\u00e1s de un menor de edad ya sancionado penalmente por estos hechos, llegaron en un veh\u00edculo y se estacionaron en las afueras de la empresa afectada que se ubica en el callej\u00f3n Guillermo Toro Lorca de Copiap\u00f3\u201d, dijo el fiscal.<\/p>\n<audio class=\"wp-audio-shortcode\" id=\"audio-7293-1\" preload=\"none\" style=\"width: 100%;\" controls=\"controls\"><source type=\"audio\/mpeg\" src=\"http:\/\/www.radioamigavallenar.cl\/wp-content\/uploads\/2017\/10\/CUN\u0303A-FISCAL-NICOLAS-ZOLEZZI-BRIONES.mp3?_=1\" \/><a href=\"http:\/\/www.radioamigavallenar.cl\/wp-content\/uploads\/2017\/10\/CUN\u0303A-FISCAL-NICOLAS-ZOLEZZI-BRIONES.mp3\">http:\/\/www.radioamigavallenar.cl\/wp-content\/uploads\/2017\/10\/CUN\u0303A-FISCAL-NICOLAS-ZOLEZZI-BRIONES.mp3<\/a><\/audio>\n<p style=\"text-align: justify;\">Zolezzi agreg\u00f3 que a trav\u00e9s de las declaraciones reunidas y el trabajo indagatorio que se desarroll\u00f3 junto a la Brigada Investigadora de Robos de la PDI, se estableci\u00f3 que los sujetos se abalanzaron en contra de una pareja en los momentos en que \u00e9sta sal\u00eda de las se\u00f1aladas dependencias, a quienes rociaron el gas en varias oportunidades en el rostro y cuerpo para lograr vencer la resistencia de los afectados. Consiguiendo robar un bolso y una cartera en cuyo interior estaba el dinero en efectivo.<\/p>\n<p style=\"text-align: justify;\">Luego de lo ocurrido la Fiscal\u00eda orden\u00f3 inmediatas diligencias a personal de la PDI, quienes desarrollaron un amplio trabajo investigativo con el cual lograron la detenci\u00f3n de los tres participantes del delito en horas de la madrugada del mismo d\u00eda del il\u00edcito.<\/p>\n<p style=\"text-align: justify;\">Durante el juicio oral la Fiscal\u00eda cont\u00f3 con el testimonio de dos trabajadores que lograron ser testigos presenciales del hecho desde el segundo piso de la empresa afectada, quienes reconocieron a los condenados como los responsables del robo.<\/p>\n<p style=\"text-align: justify;\">Por estos hechos, los jueces de la Primera Sala del mencionado tribunal acogieron la tesis de la Fiscal\u00eda y condenaron a Kevin Vergara Vicencio (24) y Deyler Castillo Olivares (19) como los autores del delito indagado, determinando adem\u00e1s que deber\u00e1n cumplir, cada uno de ellos, la pena de cinco a\u00f1os y un d\u00eda de c\u00e1rcel efectiva.<\/p>\n<p style=\"text-align: justify;\">\n","protected":false},"excerpt":{"rendered":"<p>Condenados como coautores del delito de robo con violencia resultaron dos imputados a quienes la Fiscal\u00eda de Atacama consigui\u00f3 demostrar su actuaci\u00f3n en este il\u00edcito,&hellip; <\/p>\n","protected":false},"author":2,"featured_media":3392,"comment_status":"open","ping_status":"closed","sticky":false,"template":"","format":"standard","meta":{"footnotes":""},"categories":[6],"tags":[],"class_list":["post-7293","post","type-post","status-publish","format-standard","has-post-thumbnail","hentry","category-policial"],"_links":{"self":[{"href":"https:\/\/www.radioamigavallenar.cl\/index.php?rest_route=\/wp\/v2\/posts\/7293","targetHints":{"allow":["GET"]}}],"collection":[{"href":"https:\/\/www.radioamigavallenar.cl\/index.php?rest_route=\/wp\/v2\/posts"}],"about":[{"href":"https:\/\/www.radioamigavallenar.cl\/index.php?rest_route=\/wp\/v2\/types\/post"}],"author":[{"embeddable":true,"href":"https:\/\/www.radioamigavallenar.cl\/index.php?rest_route=\/wp\/v2\/users\/2"}],"replies":[{"embeddable":true,"href":"https:\/\/www.radioamigavallenar.cl\/index.php?rest_route=%2Fwp%2Fv2%2Fcomments&post=7293"}],"version-history":[{"count":0,"href":"https:\/\/www.radioamigavallenar.cl\/index.php?rest_route=\/wp\/v2\/posts\/7293\/revisions"}],"wp:featuredmedia":[{"embeddable":true,"href":"https:\/\/www.radioamigavallenar.cl\/index.php?rest_route=\/wp\/v2\/media\/3392"}],"wp:attachment":[{"href":"https:\/\/www.radioamigavallenar.cl\/index.php?rest_route=%2Fwp%2Fv2%2Fmedia&parent=7293"}],"wp:term":[{"taxonomy":"category","embeddable":true,"href":"https:\/\/www.radioamigavallenar.cl\/index.php?rest_route=%2Fwp%2Fv2%2Fcategories&post=7293"},{"taxonomy":"post_tag","embeddable":true,"href":"https:\/\/www.radioamigavallenar.cl\/index.php?rest_route=%2Fwp%2Fv2%2Ftags&post=7293"}],"curies":[{"name":"wp","href":"https:\/\/api.w.org\/{rel}","templated":true}]}}