{"id":7290,"date":"2017-10-30T09:00:39","date_gmt":"2017-10-30T12:00:39","guid":{"rendered":"http:\/\/www.radioamigavallenar.cl\/?p=7290"},"modified":"2017-10-30T09:00:39","modified_gmt":"2017-10-30T12:00:39","slug":"trabajadores-de-minera-candelaria-constituyen-sindicato-de-supervisores","status":"publish","type":"post","link":"https:\/\/www.radioamigavallenar.cl\/?p=7290","title":{"rendered":"Trabajadores de Minera Candelaria constituyen sindicato de supervisores"},"content":{"rendered":"<p style=\"text-align: center;\"><a href=\"http:\/\/www.radioamigavallenar.cl\/wp-content\/uploads\/2017\/10\/Sindicato-candelaria.jpg\"><img loading=\"lazy\" decoding=\"async\" class=\"alignnone size-medium wp-image-7291\" src=\"http:\/\/www.radioamigavallenar.cl\/wp-content\/uploads\/2017\/10\/Sindicato-candelaria-300x187.jpg\" alt=\"Sindicato candelaria\" width=\"300\" height=\"187\" srcset=\"https:\/\/www.radioamigavallenar.cl\/wp-content\/uploads\/2017\/10\/Sindicato-candelaria-300x187.jpg 300w, https:\/\/www.radioamigavallenar.cl\/wp-content\/uploads\/2017\/10\/Sindicato-candelaria.jpg 700w\" sizes=\"auto, (max-width: 300px) 100vw, 300px\" \/><\/a><\/p>\n<p style=\"text-align: justify;\">Cerca de 200 trabajadores supervisores de minera Candelaria se constituyeron como sindicato iniciando un proceso hist\u00f3rico dentro de la compa\u00f1\u00eda, en la oportunidad tanto el Seremi del Trabajo Pablo Zenteno y el Director del Trabajo Fabi\u00e1n Collao, se reunieron con los trabajadores y \u00a0manifestaron su respaldo a la iniciativa de agruparse y aclararon dudas de los socios y directiva.<\/p>\n<p style=\"text-align: justify;\">Pamela Bordones, presidenta del Sindicato de Supervisores de Minera Candelaria, manifest\u00f3 su satisfacci\u00f3n por el respaldo que han tenido por parte de las autoridades y dijo que\u00a0 \u201cpara nosotros el apoyo de las autoridades del trabajo ha sido fundamental, porque nos orient\u00f3 en nuestra primera constituci\u00f3n a\u00fan carecemos de conocimientos t\u00e9cnicos y por lo tanto agradecemos mucho pues nos facilitaron el proceso\u201d.<\/p>\n<p style=\"text-align: justify;\">Respecto a la adhesi\u00f3n por parte de los trabajadores la dirigente se mostr\u00f3 contenta por el inter\u00e9s que han mostrado sus compa\u00f1eros y explic\u00f3 que\u00a0 \u201cya superamos los 200 socios por lo que estamos muy sorprendidos con la directiva por el nivel de adhesi\u00f3n. Mientras que las expectativas que tenemos es que todo aquel que pueda estar sindicalizado lo haga y ejerzan el derecho, por 23 a\u00f1os no hubo sindicato de supervisores b\u00e1sicamente por temor y hoy por la reforma laboral sin duda que facilit\u00f3 la participaci\u00f3n de los trabajadores en este nuevo sindicato\u201d.<\/p>\n<p style=\"text-align: justify;\">Las autoridades laborales de la regi\u00f3n como el Seremi del Trabajo y el Director del Trabajo, se reunieron con los trabajadores y les manifestaron su apoyo en esta instancia.<\/p>\n<p style=\"text-align: justify;\">En la ocasi\u00f3n Pablo Zenteno, Seremi del Trabajo dijo que \u201cde alguna manera el compromiso que asumimos con la Reforma Laboral es fortalecer al actor sindical y los espacios de la negociaci\u00f3n colectiva y esto es un gran avance pues entendemos que el sindicalismo es una instancia de generar espacios de igualdad en nuestra sociedad y hemos dado claras se\u00f1ales como gobierno para avanzar en este camino. Por lo que destacamos esta iniciativa que han tomado los trabajadores y desde ya nuestro compromiso es a acompa\u00f1arlos en este camino\u201d.<\/p>\n<p style=\"text-align: justify;\">Por su parte el Fabi\u00e1n Collao, director del Trabajo, manifest\u00f3 su apoyo a la dirigencia y comprometi\u00f3 una jornada de conversaci\u00f3n con la asamblea para aclarar dudas de los socios y directiva.<\/p>\n","protected":false},"excerpt":{"rendered":"<p>Cerca de 200 trabajadores supervisores de minera Candelaria se constituyeron como sindicato iniciando un proceso hist\u00f3rico dentro de la compa\u00f1\u00eda, en la oportunidad tanto el&hellip; <\/p>\n","protected":false},"author":2,"featured_media":7291,"comment_status":"open","ping_status":"closed","sticky":false,"template":"","format":"standard","meta":{"footnotes":""},"categories":[7],"tags":[],"class_list":["post-7290","post","type-post","status-publish","format-standard","has-post-thumbnail","hentry","category-atacama"],"_links":{"self":[{"href":"https:\/\/www.radioamigavallenar.cl\/index.php?rest_route=\/wp\/v2\/posts\/7290","targetHints":{"allow":["GET"]}}],"collection":[{"href":"https:\/\/www.radioamigavallenar.cl\/index.php?rest_route=\/wp\/v2\/posts"}],"about":[{"href":"https:\/\/www.radioamigavallenar.cl\/index.php?rest_route=\/wp\/v2\/types\/post"}],"author":[{"embeddable":true,"href":"https:\/\/www.radioamigavallenar.cl\/index.php?rest_route=\/wp\/v2\/users\/2"}],"replies":[{"embeddable":true,"href":"https:\/\/www.radioamigavallenar.cl\/index.php?rest_route=%2Fwp%2Fv2%2Fcomments&post=7290"}],"version-history":[{"count":0,"href":"https:\/\/www.radioamigavallenar.cl\/index.php?rest_route=\/wp\/v2\/posts\/7290\/revisions"}],"wp:featuredmedia":[{"embeddable":true,"href":"https:\/\/www.radioamigavallenar.cl\/index.php?rest_route=\/wp\/v2\/media\/7291"}],"wp:attachment":[{"href":"https:\/\/www.radioamigavallenar.cl\/index.php?rest_route=%2Fwp%2Fv2%2Fmedia&parent=7290"}],"wp:term":[{"taxonomy":"category","embeddable":true,"href":"https:\/\/www.radioamigavallenar.cl\/index.php?rest_route=%2Fwp%2Fv2%2Fcategories&post=7290"},{"taxonomy":"post_tag","embeddable":true,"href":"https:\/\/www.radioamigavallenar.cl\/index.php?rest_route=%2Fwp%2Fv2%2Ftags&post=7290"}],"curies":[{"name":"wp","href":"https:\/\/api.w.org\/{rel}","templated":true}]}}