{"id":725,"date":"2016-05-26T11:33:46","date_gmt":"2016-05-26T14:33:46","guid":{"rendered":"http:\/\/www.radioamigavallenar.cl\/?p=725"},"modified":"2016-05-26T11:53:27","modified_gmt":"2016-05-26T14:53:27","slug":"atacama-fue-oro-en-los-judejut-que-se-realizan-en-peru","status":"publish","type":"post","link":"https:\/\/www.radioamigavallenar.cl\/?p=725","title":{"rendered":"Atacama fue oro en los Judejut que se realizan en Per\u00fa"},"content":{"rendered":"<p style=\"text-align: justify;\"><a href=\"http:\/\/www.radioamigavallenar.cl\/wp-content\/uploads\/2016\/05\/Judejut-atacama.jpg\"><img loading=\"lazy\" decoding=\"async\" class=\" size-medium wp-image-726 aligncenter\" src=\"http:\/\/www.radioamigavallenar.cl\/wp-content\/uploads\/2016\/05\/Judejut-atacama-300x200.jpg\" alt=\"Judejut atacama\" width=\"300\" height=\"200\" srcset=\"https:\/\/www.radioamigavallenar.cl\/wp-content\/uploads\/2016\/05\/Judejut-atacama-300x200.jpg 300w, https:\/\/www.radioamigavallenar.cl\/wp-content\/uploads\/2016\/05\/Judejut-atacama.jpg 700w\" sizes=\"auto, (max-width: 300px) 100vw, 300px\" \/><\/a><\/p>\n<p style=\"text-align: justify;\">En el Coliseo Cerrado Casa de la Juventud de Cusco, el grito de CEACHEI se escuch\u00f3 fuerte al disputarse la primera jornada de combates de taekwondo, ya que la delegaci\u00f3n nacional \u00a0tuvo un muy buen debut este mi\u00e9rcoles, al ganar en damas -59 kilos, y en varones -68 kilos, sumando 8 medallas, siendo dos de ellas aportadas por Atacama.<\/p>\n<p style=\"text-align: justify;\">En la categor\u00eda menos 59 kilos damas, el oro y la plata se quedaron en Chile, al enfrentarse en la final la calame\u00f1a Andrea Moraga con la atacame\u00f1a Carolina Jara, venciendo la representante de la regi\u00f3n de Antofagasta por 17 a 4 puntos: \u201cEsta ha sido una linda experiencia en mis primeros Judejut y me motiva a seguir entrenando\u201d, dijo la joven de 18 a\u00f1os.<\/p>\n<p style=\"text-align: justify;\">Por su parte, la calderina Carolina Jara, 15 a\u00f1os y tambi\u00e9n participante de su primer Judejut, se\u00f1al\u00f3 sobre la final: \u201cEstaba muy nerviosa y me faltaba el aire. Era dif\u00edcil que ganara el oro porque llevo s\u00f3lo un a\u00f1o y medio practicando taekwondo as\u00ed que estoy tranquila con la medalla de plata\u201d, dijo la estudiante de primer a\u00f1o medio del Colegio Parroquial Padre Negro de Caldera.<\/p>\n<p style=\"text-align: justify;\"><strong>Dominio nacional en la categor\u00eda -68 kilos<\/strong><\/p>\n<p style=\"text-align: justify;\">En varones -68 kilos, el copiapino Alexis D\u00edaz derrota en semifinal a Jos\u00e9 Olivares de Coquimbo por 7 a 2 puntos y en la final enfrenta a Pablo Henr\u00edquez de Antofagasta, quien venci\u00f3 en semifinales en forma espectacular al potosino Mat\u00edas Valverde. D\u00edaz, gracias a su potencia y mayor alcance, derrota al antofagastino Henr\u00edquez por 14 a 5 puntos: \u201cMe siento muy contento, pero extra\u00f1o porque me cost\u00f3 dar en el peso, estaba lesionado y la altura tambi\u00e9n afecta. Le agradezco a mi t\u00e9cnico \u00c1ngelo Ramos a quien quiero como mi pap\u00e1\u201d.<\/p>\n<p style=\"text-align: justify;\">Sobre la medalla de plata, el antofagastino Henr\u00edquez, se\u00f1al\u00f3: \u201cEstoy feliz y contento porque dej\u00e9 todo adentro. Estaba agotado, muy adolorido y el copiapino golpeaba muy fuerte\u201d, dijo el calame\u00f1o que se despide de los Judejut con su mejor actuaci\u00f3n.<\/p>\n","protected":false},"excerpt":{"rendered":"<p>En el Coliseo Cerrado Casa de la Juventud de Cusco, el grito de CEACHEI se escuch\u00f3 fuerte al disputarse la primera jornada de combates de&hellip; <\/p>\n","protected":false},"author":2,"featured_media":726,"comment_status":"open","ping_status":"closed","sticky":false,"template":"","format":"standard","meta":{"footnotes":""},"categories":[8],"tags":[],"class_list":["post-725","post","type-post","status-publish","format-standard","has-post-thumbnail","hentry","category-deportes"],"_links":{"self":[{"href":"https:\/\/www.radioamigavallenar.cl\/index.php?rest_route=\/wp\/v2\/posts\/725","targetHints":{"allow":["GET"]}}],"collection":[{"href":"https:\/\/www.radioamigavallenar.cl\/index.php?rest_route=\/wp\/v2\/posts"}],"about":[{"href":"https:\/\/www.radioamigavallenar.cl\/index.php?rest_route=\/wp\/v2\/types\/post"}],"author":[{"embeddable":true,"href":"https:\/\/www.radioamigavallenar.cl\/index.php?rest_route=\/wp\/v2\/users\/2"}],"replies":[{"embeddable":true,"href":"https:\/\/www.radioamigavallenar.cl\/index.php?rest_route=%2Fwp%2Fv2%2Fcomments&post=725"}],"version-history":[{"count":0,"href":"https:\/\/www.radioamigavallenar.cl\/index.php?rest_route=\/wp\/v2\/posts\/725\/revisions"}],"wp:featuredmedia":[{"embeddable":true,"href":"https:\/\/www.radioamigavallenar.cl\/index.php?rest_route=\/wp\/v2\/media\/726"}],"wp:attachment":[{"href":"https:\/\/www.radioamigavallenar.cl\/index.php?rest_route=%2Fwp%2Fv2%2Fmedia&parent=725"}],"wp:term":[{"taxonomy":"category","embeddable":true,"href":"https:\/\/www.radioamigavallenar.cl\/index.php?rest_route=%2Fwp%2Fv2%2Fcategories&post=725"},{"taxonomy":"post_tag","embeddable":true,"href":"https:\/\/www.radioamigavallenar.cl\/index.php?rest_route=%2Fwp%2Fv2%2Ftags&post=725"}],"curies":[{"name":"wp","href":"https:\/\/api.w.org\/{rel}","templated":true}]}}