{"id":7174,"date":"2017-10-25T08:24:04","date_gmt":"2017-10-25T11:24:04","guid":{"rendered":"http:\/\/www.radioamigavallenar.cl\/?p=7174"},"modified":"2017-10-25T08:24:04","modified_gmt":"2017-10-25T11:24:04","slug":"consejo-de-la-cultura-de-atacama-inicia-programa-de-apreciacion-musical-nacional","status":"publish","type":"post","link":"https:\/\/www.radioamigavallenar.cl\/?p=7174","title":{"rendered":"Consejo de la Cultura de Atacama inicia Programa de Apreciaci\u00f3n Musical Nacional"},"content":{"rendered":"<p style=\"text-align: justify;\"><a href=\"http:\/\/www.radioamigavallenar.cl\/wp-content\/uploads\/2017\/10\/jovenes-musicos.jpg\"><img loading=\"lazy\" decoding=\"async\" class=\" size-medium wp-image-7175 aligncenter\" src=\"http:\/\/www.radioamigavallenar.cl\/wp-content\/uploads\/2017\/10\/jovenes-musicos-300x200.jpg\" alt=\"jovenes musicos\" width=\"300\" height=\"200\" srcset=\"https:\/\/www.radioamigavallenar.cl\/wp-content\/uploads\/2017\/10\/jovenes-musicos-300x200.jpg 300w, https:\/\/www.radioamigavallenar.cl\/wp-content\/uploads\/2017\/10\/jovenes-musicos.jpg 700w\" sizes=\"auto, (max-width: 300px) 100vw, 300px\" \/><\/a><\/p>\n<p style=\"text-align: justify;\">El Liceo Jos\u00e9 Antonio Carvajal se convirti\u00f3 en el primer establecimiento de Atacama en dar el vamos a la versi\u00f3n 2017 del Programa de Apreciaci\u00f3n Musical Nacional, instancia creada por el Consejo de la Culura y las Artes para apoyar en los procesos de formaci\u00f3n de audiencias de la m\u00fasica hecha en Chile y que incluye mediaciones con estudiantes, presentaciones musicales en sus establecimientos y la difusi\u00f3n activa del patrimonio musical de los creadores locales. As\u00ed, un grupo de estudiantes del establecimiento se transformaron en los primeros participantes de esta instancia que se lanza en la regi\u00f3n junto a ellos.<\/p>\n<p style=\"text-align: justify;\">\u201cPara el Gobierno es muy importante el fortalecimiento de la Educaci\u00f3n P\u00fablica y en ese escenario nosotros como Consejo aportamos desde la formaci\u00f3n creativa de los ni\u00f1os, ni\u00f1as y j\u00f3venes. Es por eso que este programa los conecta con las bases de la m\u00fasica, los estimula creativamente y los vincula de manera \u00fanica con los m\u00fasicos, productores musicales y cantautores que contribuyen al desarrollo art\u00edstico tanto a nivel regional como nacional\u201d, comenta la Directora del Consejo de la Cultura y las Artes de Atacama, Catisis Lobos Alcota.<\/p>\n<p style=\"text-align: justify;\">Las jornadas de Apreciaci\u00f3n Musical se desarrollar\u00e1n en diferentes establecimientos educacionales de la Regi\u00f3n de Atacama y contar\u00e1n con la mediaci\u00f3n de artistas tanto locales como nacionales, entre los que se cuentan el m\u00fasico Polo Cort\u00e9s, los grupos Barrio Negro, Pueblo Hundido, Mal de Pampa; as\u00ed como el cantante Juan Ayala e integrantes de Los Jaivas.<\/p>\n<p style=\"text-align: justify;\">Estas jornadas de Apreciaci\u00f3n Musical est\u00e1n programadas para desarrollarse en las 9 comunas, contribuyendo de manera profunda al proceso de descentralizaci\u00f3n que impulsa el Gobierno de Chile.<\/p>\n","protected":false},"excerpt":{"rendered":"<p>El Liceo Jos\u00e9 Antonio Carvajal se convirti\u00f3 en el primer establecimiento de Atacama en dar el vamos a la versi\u00f3n 2017 del Programa de Apreciaci\u00f3n&hellip; <\/p>\n","protected":false},"author":2,"featured_media":7175,"comment_status":"open","ping_status":"closed","sticky":false,"template":"","format":"standard","meta":{"footnotes":""},"categories":[7],"tags":[],"class_list":["post-7174","post","type-post","status-publish","format-standard","has-post-thumbnail","hentry","category-atacama"],"_links":{"self":[{"href":"https:\/\/www.radioamigavallenar.cl\/index.php?rest_route=\/wp\/v2\/posts\/7174","targetHints":{"allow":["GET"]}}],"collection":[{"href":"https:\/\/www.radioamigavallenar.cl\/index.php?rest_route=\/wp\/v2\/posts"}],"about":[{"href":"https:\/\/www.radioamigavallenar.cl\/index.php?rest_route=\/wp\/v2\/types\/post"}],"author":[{"embeddable":true,"href":"https:\/\/www.radioamigavallenar.cl\/index.php?rest_route=\/wp\/v2\/users\/2"}],"replies":[{"embeddable":true,"href":"https:\/\/www.radioamigavallenar.cl\/index.php?rest_route=%2Fwp%2Fv2%2Fcomments&post=7174"}],"version-history":[{"count":0,"href":"https:\/\/www.radioamigavallenar.cl\/index.php?rest_route=\/wp\/v2\/posts\/7174\/revisions"}],"wp:featuredmedia":[{"embeddable":true,"href":"https:\/\/www.radioamigavallenar.cl\/index.php?rest_route=\/wp\/v2\/media\/7175"}],"wp:attachment":[{"href":"https:\/\/www.radioamigavallenar.cl\/index.php?rest_route=%2Fwp%2Fv2%2Fmedia&parent=7174"}],"wp:term":[{"taxonomy":"category","embeddable":true,"href":"https:\/\/www.radioamigavallenar.cl\/index.php?rest_route=%2Fwp%2Fv2%2Fcategories&post=7174"},{"taxonomy":"post_tag","embeddable":true,"href":"https:\/\/www.radioamigavallenar.cl\/index.php?rest_route=%2Fwp%2Fv2%2Ftags&post=7174"}],"curies":[{"name":"wp","href":"https:\/\/api.w.org\/{rel}","templated":true}]}}