{"id":6867,"date":"2017-09-29T06:00:57","date_gmt":"2017-09-29T09:00:57","guid":{"rendered":"http:\/\/www.radioamigavallenar.cl\/?p=6867"},"modified":"2017-09-28T19:36:42","modified_gmt":"2017-09-28T22:36:42","slug":"cultura-lanzan-pagina-web-con-secretos-de-las-iglesias-patrimoniales","status":"publish","type":"post","link":"https:\/\/www.radioamigavallenar.cl\/?p=6867","title":{"rendered":"Cultura: Lanzan p\u00e1gina Web con secretos de las Iglesias Patrimoniales"},"content":{"rendered":"<p style=\"text-align: center;\"><a href=\"http:\/\/www.radioamigavallenar.cl\/wp-content\/uploads\/2017\/09\/iglesias-del-valle.jpg\"><img loading=\"lazy\" decoding=\"async\" class=\"alignnone size-medium wp-image-6869\" src=\"http:\/\/www.radioamigavallenar.cl\/wp-content\/uploads\/2017\/09\/iglesias-del-valle-300x200.jpg\" alt=\"iglesias del valle\" width=\"300\" height=\"200\" srcset=\"https:\/\/www.radioamigavallenar.cl\/wp-content\/uploads\/2017\/09\/iglesias-del-valle-300x200.jpg 300w, https:\/\/www.radioamigavallenar.cl\/wp-content\/uploads\/2017\/09\/iglesias-del-valle.jpg 700w\" sizes=\"auto, (max-width: 300px) 100vw, 300px\" \/><\/a><\/p>\n<p style=\"text-align: justify;\">Tres arquitectos est\u00e1n detr\u00e1s del sitio web <a href=\"http:\/\/www.iglesiasdelvalle.cl\" target=\"_blank\">www.IglesiasDelValle.cl<\/a>, que incorpora toda la investigaci\u00f3n que realizaron para descubrir los secretos de las Iglesias Patrimoniales de la regi\u00f3n, como la de San Antonio, de Los Loros, de Nantoco, de Cerro Blanco, de Punta Negra, de Piedra Colgada y de San Pedro. Y el lanzamiento del sitio estuvo acompa\u00f1ado de la presentaci\u00f3n de una edici\u00f3n limitada de un texto, los que fueron distribuidos a los organismos pertinentes, mientras que tambi\u00e9n se dispone de un CD, siendo la Web el acceso m\u00e1s sencillo y libre para la ciudadan\u00eda.<\/p>\n<p style=\"text-align: justify;\">Sobre este trabajo, el Director del Museo Regional de Atacama, Guillermo Cort\u00e9s Lutz, comenta que \u201ces un material exquisito para poder en valor estas construcciones que recogen la religiosidad popular de nuestra zona\u201d. Cort\u00e9s-Lutz tambi\u00e9n brind\u00f3 su colaboraci\u00f3n a los investigadores y valor\u00f3 el trabajo realizado. \u201cEste libro se hace gracias al apoyo permanente del Consejo de las Artes, que siempre est\u00e1 generando hitos con los pueblos originarios, con el patrimonio y con la cultura en general\u201d, se\u00f1al\u00f3.<\/p>\n<p style=\"text-align: justify;\">La alemana Agnes Dransfeld, quien tambi\u00e9n fue apoyada por su padre Arnold, \u00a0fue una de las ejecutoras del proyecto, que obtuvo 14 millones de pesos por parte del Consejo de la Cultura y las Artes para su desarrollo. La arquitecta apunta que \u201cel patrimonio en Chile necesita m\u00e1s apoyo y quisimos contribuir con este estudio, ayudando a conocer y reconocer lo que hay en Atacama, sobre todo porque en las zonas rurales hay todav\u00eda m\u00e1s desconocimiento de lo que hay ah\u00ed\u201d.<\/p>\n<p style=\"text-align: justify;\">Sobre el punto de la conservaci\u00f3n de estos espacios, Ruth Guerrero, Encargada de Patrimonio y en representaci\u00f3n de la Directora Regional del Consejo de la Cultura, coment\u00f3 que \u201ctenemos una riqueza patrimonial y rural muy importante, a veces escondida, y el rol de las pol\u00edticas culturales del Gobierno de la Presidenta Bachelet es darle visibilidad y preservaci\u00f3n al Patrimonio y tambi\u00e9n un rescate material del patrimonio\u201d.<\/p>\n<p style=\"text-align: justify;\">En ese contexto, Guerrero se\u00f1al\u00f3 que \u201cla informaci\u00f3n de este libro sirve como base de gesti\u00f3n para organizaciones y para nuevas acciones que permitan darle una nueva vida\u201d. El paso siguiente tras este lanzamiento, que dur\u00f3 11 meses, lo coment\u00f3 tambi\u00e9n la arquitecta Carla Piazzoli, otra de las ejecutoras. \u201cEste levantamiento de informaci\u00f3n ahora debe avanzar a restaurar estas Iglesias Patrimoniales y esperamos que sea una base para otras entidades que puedan contribuir a que estas construcciones no desaparezcan\u201d, recalc\u00f3.<\/p>\n<p style=\"text-align: justify;\">El sitio web <a href=\"http:\/\/www.iglesiasdelvalle.cl\" target=\"_blank\">www.IglesiasDelValle.cl<\/a> est\u00e1 en l\u00ednea tanto en espa\u00f1ol, como ingl\u00e9s y alem\u00e1n.<\/p>\n","protected":false},"excerpt":{"rendered":"<p>Tres arquitectos est\u00e1n detr\u00e1s del sitio web www.IglesiasDelValle.cl, que incorpora toda la investigaci\u00f3n que realizaron para descubrir los secretos de las Iglesias Patrimoniales de la&hellip; <\/p>\n","protected":false},"author":2,"featured_media":6868,"comment_status":"open","ping_status":"closed","sticky":false,"template":"","format":"standard","meta":{"footnotes":""},"categories":[7,9],"tags":[],"class_list":["post-6867","post","type-post","status-publish","format-standard","has-post-thumbnail","hentry","category-atacama","category-cultura"],"_links":{"self":[{"href":"https:\/\/www.radioamigavallenar.cl\/index.php?rest_route=\/wp\/v2\/posts\/6867","targetHints":{"allow":["GET"]}}],"collection":[{"href":"https:\/\/www.radioamigavallenar.cl\/index.php?rest_route=\/wp\/v2\/posts"}],"about":[{"href":"https:\/\/www.radioamigavallenar.cl\/index.php?rest_route=\/wp\/v2\/types\/post"}],"author":[{"embeddable":true,"href":"https:\/\/www.radioamigavallenar.cl\/index.php?rest_route=\/wp\/v2\/users\/2"}],"replies":[{"embeddable":true,"href":"https:\/\/www.radioamigavallenar.cl\/index.php?rest_route=%2Fwp%2Fv2%2Fcomments&post=6867"}],"version-history":[{"count":0,"href":"https:\/\/www.radioamigavallenar.cl\/index.php?rest_route=\/wp\/v2\/posts\/6867\/revisions"}],"wp:featuredmedia":[{"embeddable":true,"href":"https:\/\/www.radioamigavallenar.cl\/index.php?rest_route=\/wp\/v2\/media\/6868"}],"wp:attachment":[{"href":"https:\/\/www.radioamigavallenar.cl\/index.php?rest_route=%2Fwp%2Fv2%2Fmedia&parent=6867"}],"wp:term":[{"taxonomy":"category","embeddable":true,"href":"https:\/\/www.radioamigavallenar.cl\/index.php?rest_route=%2Fwp%2Fv2%2Fcategories&post=6867"},{"taxonomy":"post_tag","embeddable":true,"href":"https:\/\/www.radioamigavallenar.cl\/index.php?rest_route=%2Fwp%2Fv2%2Ftags&post=6867"}],"curies":[{"name":"wp","href":"https:\/\/api.w.org\/{rel}","templated":true}]}}