{"id":6802,"date":"2017-09-27T11:06:54","date_gmt":"2017-09-27T14:06:54","guid":{"rendered":"http:\/\/www.radioamigavallenar.cl\/?p=6802"},"modified":"2017-09-27T11:06:54","modified_gmt":"2017-09-27T14:06:54","slug":"diputado-robles-informa-de-respuesta-del-ministerio-de-energia-por-no-pago-a-subcontratistas-del-huasco","status":"publish","type":"post","link":"https:\/\/www.radioamigavallenar.cl\/?p=6802","title":{"rendered":"Diputado Robles informa de respuesta del Ministerio de Energ\u00eda por no pago a subcontratistas del Huasco"},"content":{"rendered":"<p style=\"text-align: center;\"><a href=\"http:\/\/www.radioamigavallenar.cl\/wp-content\/uploads\/2017\/09\/Robles-y-Min-energia.jpg\"><img loading=\"lazy\" decoding=\"async\" class=\"alignnone size-medium wp-image-6803\" src=\"http:\/\/www.radioamigavallenar.cl\/wp-content\/uploads\/2017\/09\/Robles-y-Min-energia-300x185.jpg\" alt=\"Robles y Min energia\" width=\"300\" height=\"185\" srcset=\"https:\/\/www.radioamigavallenar.cl\/wp-content\/uploads\/2017\/09\/Robles-y-Min-energia-300x185.jpg 300w, https:\/\/www.radioamigavallenar.cl\/wp-content\/uploads\/2017\/09\/Robles-y-Min-energia.jpg 700w\" sizes=\"auto, (max-width: 300px) 100vw, 300px\" \/><\/a><\/p>\n<p style=\"text-align: justify;\">El Diputado y Candidato Senador por la Regi\u00f3n de Atacama, doctor Alberto Robles, HA REALIZADO UNA SERIE DE GESTIONES, EN ESPECIAL ANTE EL MINISTERIO DE ENERG\u00cdA Y OTROS ORGANISMOS DE GOBIERNO PARA que intervengan en la falta de pago que ten\u00edan empresas subcontratistas en el proyecto de construcci\u00f3n del Proyecto E\u00f3lico San Juan de Caleta Cha\u00f1aral de Aceituno, as\u00ed como tambi\u00e9n por la falta de pago de empresas subcontratistas en el proyecto de l\u00edneas de transmisi\u00f3n entre las subestaciones el\u00e9ctricas de Maitencillo y Pan de Az\u00facar.<\/p>\n<p style=\"text-align: justify;\">ANTE LA INSISTENCIA DEL PARLAMENTARIO Y EN RESPUESTA\u00a0 A UNA SERIE DE OFICIOS ENVIADOS DESDE LA C\u00c1MARA DE DIPUTADOS, el Ministro de Energ\u00eda Andr\u00e9s Rebolledo inform\u00f3 QUE \u00a0\u201ccomo consecuencia de la presentaci\u00f3n de estas situaciones, como Ministerio hemos incorporado en el Decreto que fija el plan de expansi\u00f3n para los pr\u00f3ximos doce meses, una condici\u00f3n de aplicaci\u00f3n que deber\u00e1n contener las bases de licitaci\u00f3n tanto de las obras nuevas como de las obras de ampliaci\u00f3n\u201d.<\/p>\n<p style=\"text-align: justify;\">ADEM\u00c1S EL DOCUMENTO ENTREGADO POR EL MINISTERIO SE\u00d1ALA que respecto a las obras de ampliaci\u00f3n, dentro de las exigencia a los proveedores se incorpor\u00f3 que \u201cla(s) empresa(s) responsable(s) deber\u00e1n disponer las medidas necesarias con el objeto de que se caucione el cumplimiento de las obligaciones derivadas de los contratos o subcontratos que \u00e9sta o sus proveedores suscriban con terceros para la ejecuci\u00f3n de la obra\u201d.<\/p>\n<p style=\"text-align: justify;\">As\u00ed mismo el Ministro a trav\u00e9s del oficio inform\u00f3 \u201cen cuanto a las obras nuevas, se exigi\u00f3 asimismo, que los adjudicatarios deber\u00e1n disponer las medidas necesarias con el objeto de que se caucione el complimiento de las obligaciones derivadas de contratos o subcontratos que estos o sus proveedores suscriban con terceros para la ejecuci\u00f3n de obras\u201d.<\/p>\n<p style=\"text-align: justify;\">Para el candidato radical al senador, doctor Robles, esta es una excelente noticia \u201chace meses le venimos pidiendo al Ministerio que exija que alguien se haga responsable del pago a nuestras pymes. Las empresas concesionarias en su mayor\u00eda son extranjera y subcontratan a empresas chilenas. Sin embargo, hemos visto en nuestra regi\u00f3n, que dejan sin pago a quienes finalmente realizan el trabajo. Esto es inaceptable, el gobierno no lo puede permitir. Por eso agradecemos que el Ministerio haya incorporado este decreto que proteger\u00e1 el pago a todos quienes realizan el trabajo, PERO ADEM\u00c1S ESPERAMOS QUE LA SITUACI\u00d3N QUE EST\u00c1N ENFRENTANDO HOY CIENTOS DE EMPRENDEDORES QUE CONFIARON EN ESTAS EMPRESAS IRRESPONSABLES SE SOLUCIONE A LA BREVEDAD\u201d, se\u00f1al\u00f3 el diputado Robles.<\/p>\n<p>&nbsp;<\/p>\n","protected":false},"excerpt":{"rendered":"<p>El Diputado y Candidato Senador por la Regi\u00f3n de Atacama, doctor Alberto Robles, HA REALIZADO UNA SERIE DE GESTIONES, EN ESPECIAL ANTE EL MINISTERIO DE&hellip; <\/p>\n","protected":false},"author":2,"featured_media":6803,"comment_status":"open","ping_status":"closed","sticky":false,"template":"","format":"standard","meta":{"footnotes":""},"categories":[7],"tags":[],"class_list":["post-6802","post","type-post","status-publish","format-standard","has-post-thumbnail","hentry","category-atacama"],"_links":{"self":[{"href":"https:\/\/www.radioamigavallenar.cl\/index.php?rest_route=\/wp\/v2\/posts\/6802","targetHints":{"allow":["GET"]}}],"collection":[{"href":"https:\/\/www.radioamigavallenar.cl\/index.php?rest_route=\/wp\/v2\/posts"}],"about":[{"href":"https:\/\/www.radioamigavallenar.cl\/index.php?rest_route=\/wp\/v2\/types\/post"}],"author":[{"embeddable":true,"href":"https:\/\/www.radioamigavallenar.cl\/index.php?rest_route=\/wp\/v2\/users\/2"}],"replies":[{"embeddable":true,"href":"https:\/\/www.radioamigavallenar.cl\/index.php?rest_route=%2Fwp%2Fv2%2Fcomments&post=6802"}],"version-history":[{"count":0,"href":"https:\/\/www.radioamigavallenar.cl\/index.php?rest_route=\/wp\/v2\/posts\/6802\/revisions"}],"wp:featuredmedia":[{"embeddable":true,"href":"https:\/\/www.radioamigavallenar.cl\/index.php?rest_route=\/wp\/v2\/media\/6803"}],"wp:attachment":[{"href":"https:\/\/www.radioamigavallenar.cl\/index.php?rest_route=%2Fwp%2Fv2%2Fmedia&parent=6802"}],"wp:term":[{"taxonomy":"category","embeddable":true,"href":"https:\/\/www.radioamigavallenar.cl\/index.php?rest_route=%2Fwp%2Fv2%2Fcategories&post=6802"},{"taxonomy":"post_tag","embeddable":true,"href":"https:\/\/www.radioamigavallenar.cl\/index.php?rest_route=%2Fwp%2Fv2%2Ftags&post=6802"}],"curies":[{"name":"wp","href":"https:\/\/api.w.org\/{rel}","templated":true}]}}