{"id":6725,"date":"2017-09-22T20:15:26","date_gmt":"2017-09-22T23:15:26","guid":{"rendered":"http:\/\/www.radioamigavallenar.cl\/?p=6725"},"modified":"2017-09-22T20:15:26","modified_gmt":"2017-09-22T23:15:26","slug":"ex-prisioneros-tapia-y-narea-se-presentan-en-copiapo","status":"publish","type":"post","link":"https:\/\/www.radioamigavallenar.cl\/?p=6725","title":{"rendered":"Ex Prisioneros Tapia y Narea se presentan en Copiap\u00f3"},"content":{"rendered":"<p style=\"text-align: center;\"><a href=\"http:\/\/www.radioamigavallenar.cl\/wp-content\/uploads\/2017\/09\/Tapia-y-Narea.jpg\"><img loading=\"lazy\" decoding=\"async\" class=\"alignnone size-medium wp-image-6726\" src=\"http:\/\/www.radioamigavallenar.cl\/wp-content\/uploads\/2017\/09\/Tapia-y-Narea-300x161.jpg\" alt=\"Tapia y Narea\" width=\"300\" height=\"161\" srcset=\"https:\/\/www.radioamigavallenar.cl\/wp-content\/uploads\/2017\/09\/Tapia-y-Narea-300x161.jpg 300w, https:\/\/www.radioamigavallenar.cl\/wp-content\/uploads\/2017\/09\/Tapia-y-Narea.jpg 700w\" sizes=\"auto, (max-width: 300px) 100vw, 300px\" \/><\/a><\/p>\n<p style=\"text-align: justify;\">Este\u00a026 de septiembre,\u00a0a las 20 horas,\u00a0en el Centro Cultural de Atacama se presentar\u00e1n en concierto gratuito los destacados y emblem\u00e1ticos artistas nacionales, Narea &amp; Tapia, quienes expondr\u00e1n los compases que marcaron una era en el Rock Chileno gracias a la banda que los lanz\u00f3 al estrellato, Los Prisioneros.<\/p>\n<p style=\"text-align: justify;\">Esta presentaci\u00f3n contar\u00e1 con la\u00a0\u00a0participaci\u00f3n\u00a0de los alumnos y profesores del Liceo de M\u00fasica de Copiap\u00f3, quienes compartir\u00e1n el escenario con el d\u00fao, d\u00e1ndole un realce especial a lo que se pronostica ser\u00e1 un gran concierto. Lo\u00a0anterior ser\u00e1 posible gracias a la alianza convenida entre el Consejo de la Cultura y las Artes de Atacama, el Municipio de Copiap\u00f3 y Minera Kinross.<\/p>\n<p style=\"text-align: justify;\">Catisis Lobos, Directora del Consejo Regional de la Cultura y las Artes de Atacama, apunta que \u201ccomo Gobierno estamos atentos a ofrecer una oferta cultural variada a la ciudadan\u00eda y Tapia y Narea cruzan a varias generaciones con su talento, con sus tem\u00e1ticas tan vigentes hasta hoy y esperamos que sea una noche de fiesta y tambi\u00e9n de intercambios musicales entre Tapia y Narea junto a los alumnos y alumnas del Liceo de M\u00fasica que tambi\u00e9n ser\u00e1n parte de este espect\u00e1culo gratuito para la ciudadan\u00eda\u201d.<\/p>\n<p style=\"text-align: justify;\">Guillermo Contreras, Gerente de Responsabilidad Corporativa de Kinross, se\u00f1al\u00f3\u00a0que\u00a0\u201cesta actividad refleja nuestro compromiso con la comunidad en la creaci\u00f3n de espacios culturales de gran nivel, tanto para nuestros trabajadores como para la comunidad en general, adem\u00e1s, es una instancia motivacional para que los estudiantes copiapinos que se presentar\u00e1n ese d\u00eda, puedan adquirir mayor experiencia y por qu\u00e9 no, imitar la historia de estos artistas sanmiguelinos\u201d. Finalmente,\u00a0Guillermo Contreras destac\u00f3 el gesto de los artistas:\u00a0\u201cAgradecemos profundamente que Claudio Narea y Miguel Tapia realicen un trabajo previo con los docentes y estudiantes del Liceo de M\u00fasica, esto da un valor agregado a su legado\u201d.<\/p>\n<p style=\"text-align: justify;\">Para aquellas personas que no puedan asistir a esta actividad, se confirma que el evento contar\u00e1 con la transmisi\u00f3n en vivo para redes sociales a trav\u00e9s del fanpage de\u00a0Minera\u00a0Kinross y simult\u00e1neamente a trav\u00e9s de Radio Nost\u00e1lgica para toda la Regi\u00f3n.<\/p>\n","protected":false},"excerpt":{"rendered":"<p>Este\u00a026 de septiembre,\u00a0a las 20 horas,\u00a0en el Centro Cultural de Atacama se presentar\u00e1n en concierto gratuito los destacados y emblem\u00e1ticos artistas nacionales, Narea &amp; Tapia,&hellip; <\/p>\n","protected":false},"author":2,"featured_media":6726,"comment_status":"open","ping_status":"closed","sticky":false,"template":"","format":"standard","meta":{"footnotes":""},"categories":[7],"tags":[],"class_list":["post-6725","post","type-post","status-publish","format-standard","has-post-thumbnail","hentry","category-atacama"],"_links":{"self":[{"href":"https:\/\/www.radioamigavallenar.cl\/index.php?rest_route=\/wp\/v2\/posts\/6725","targetHints":{"allow":["GET"]}}],"collection":[{"href":"https:\/\/www.radioamigavallenar.cl\/index.php?rest_route=\/wp\/v2\/posts"}],"about":[{"href":"https:\/\/www.radioamigavallenar.cl\/index.php?rest_route=\/wp\/v2\/types\/post"}],"author":[{"embeddable":true,"href":"https:\/\/www.radioamigavallenar.cl\/index.php?rest_route=\/wp\/v2\/users\/2"}],"replies":[{"embeddable":true,"href":"https:\/\/www.radioamigavallenar.cl\/index.php?rest_route=%2Fwp%2Fv2%2Fcomments&post=6725"}],"version-history":[{"count":0,"href":"https:\/\/www.radioamigavallenar.cl\/index.php?rest_route=\/wp\/v2\/posts\/6725\/revisions"}],"wp:featuredmedia":[{"embeddable":true,"href":"https:\/\/www.radioamigavallenar.cl\/index.php?rest_route=\/wp\/v2\/media\/6726"}],"wp:attachment":[{"href":"https:\/\/www.radioamigavallenar.cl\/index.php?rest_route=%2Fwp%2Fv2%2Fmedia&parent=6725"}],"wp:term":[{"taxonomy":"category","embeddable":true,"href":"https:\/\/www.radioamigavallenar.cl\/index.php?rest_route=%2Fwp%2Fv2%2Fcategories&post=6725"},{"taxonomy":"post_tag","embeddable":true,"href":"https:\/\/www.radioamigavallenar.cl\/index.php?rest_route=%2Fwp%2Fv2%2Ftags&post=6725"}],"curies":[{"name":"wp","href":"https:\/\/api.w.org\/{rel}","templated":true}]}}