{"id":6722,"date":"2017-09-22T20:12:38","date_gmt":"2017-09-22T23:12:38","guid":{"rendered":"http:\/\/www.radioamigavallenar.cl\/?p=6722"},"modified":"2017-09-22T20:12:38","modified_gmt":"2017-09-22T23:12:38","slug":"valoran-incorporacion-de-alto-del-carmen-a-programa-de-pavimentacion-participativa","status":"publish","type":"post","link":"https:\/\/www.radioamigavallenar.cl\/?p=6722","title":{"rendered":"Valoran incorporaci\u00f3n de Alto del Carmen a programa de pavimentaci\u00f3n participativa"},"content":{"rendered":"<p style=\"text-align: center;\"><a href=\"http:\/\/www.radioamigavallenar.cl\/wp-content\/uploads\/2017\/09\/Yasna-del-Portillo.jpg\"><img loading=\"lazy\" decoding=\"async\" class=\"alignnone size-medium wp-image-6723\" src=\"http:\/\/www.radioamigavallenar.cl\/wp-content\/uploads\/2017\/09\/Yasna-del-Portillo-300x249.jpg\" alt=\"Yasna del Portillo\" width=\"300\" height=\"249\" srcset=\"https:\/\/www.radioamigavallenar.cl\/wp-content\/uploads\/2017\/09\/Yasna-del-Portillo-300x249.jpg 300w, https:\/\/www.radioamigavallenar.cl\/wp-content\/uploads\/2017\/09\/Yasna-del-Portillo.jpg 700w\" sizes=\"auto, (max-width: 300px) 100vw, 300px\" \/><\/a><\/p>\n<p style=\"text-align: justify;\">Como un hecho hist\u00f3rico y largamente a\u00f1orado por los habitantes de Alto del Carmen, calific\u00f3 la consejera Yasna Del Portillo la noticia que entreg\u00f3 el Ministerio de Vivienda y Urbanismo de la regi\u00f3n de Atacama de incorporar a esta comuna en el vig\u00e9simo s\u00e9ptimo llamado del programa de pavimentaci\u00f3n participativa.<\/p>\n<p style=\"text-align: justify;\">Este programa creado en 1994,\u00a0busca reducir el d\u00e9ficit de pavimentos en todas las localidades de la regi\u00f3n, con el prop\u00f3sito de mejorar la calidad de vida de los habitantes y sus entornos.<\/p>\n<p style=\"text-align: justify;\">Por este motivo, la comuna de Alto del Carmen, clasificada como zona rural, por primera vez tendr\u00e1 la oportunidad de participar de este programa de\u00a0pavimentaci\u00f3n y de repavimentaci\u00f3n de calles, pasajes y aceras, con la incorporaci\u00f3n a su financiamiento de los propios vecinos beneficiados y de la municipalidad.<\/p>\n<p style=\"text-align: justify;\">\u201cComo consejera regional estoy muy contenta con esta noticia, porque a trav\u00e9s de este programa los vecinos y vecinas de Alto del Carmen, comuna fuertemente golpeada por los aluviones 2015 y 2017, no s\u00f3lo tendr\u00e1n la posibilidad de optimizar los accesos a las viviendas, sino tambi\u00e9n tendr\u00e1n una mejor\u00eda en la calidad ambiental del entorno de sus viviendas, como tambi\u00e9n a partir de este nuevo llamado se tendr\u00e1 la posibilidad de incluir proyectos de demarcaci\u00f3n de calzadas, se\u00f1al\u00e9tica vial, arborizaci\u00f3n, ciclov\u00edas y calzadas tipo escaleras\u201d, destac\u00f3 Yasna Del Portillo.<\/p>\n<p style=\"text-align: justify;\">Finalmente, la consejera Del Portillo formul\u00f3 un llamado a los pobladores a informarse de este programa y tambi\u00e9n a organizarse para poder postular y de esta forma ver materializado un sue\u00f1o de largo aliento.<\/p>\n","protected":false},"excerpt":{"rendered":"<p>Como un hecho hist\u00f3rico y largamente a\u00f1orado por los habitantes de Alto del Carmen, calific\u00f3 la consejera Yasna Del Portillo la noticia que entreg\u00f3 el&hellip; <\/p>\n","protected":false},"author":2,"featured_media":6723,"comment_status":"open","ping_status":"closed","sticky":false,"template":"","format":"standard","meta":{"footnotes":""},"categories":[5],"tags":[],"class_list":["post-6722","post","type-post","status-publish","format-standard","has-post-thumbnail","hentry","category-alto-del-carmen"],"_links":{"self":[{"href":"https:\/\/www.radioamigavallenar.cl\/index.php?rest_route=\/wp\/v2\/posts\/6722","targetHints":{"allow":["GET"]}}],"collection":[{"href":"https:\/\/www.radioamigavallenar.cl\/index.php?rest_route=\/wp\/v2\/posts"}],"about":[{"href":"https:\/\/www.radioamigavallenar.cl\/index.php?rest_route=\/wp\/v2\/types\/post"}],"author":[{"embeddable":true,"href":"https:\/\/www.radioamigavallenar.cl\/index.php?rest_route=\/wp\/v2\/users\/2"}],"replies":[{"embeddable":true,"href":"https:\/\/www.radioamigavallenar.cl\/index.php?rest_route=%2Fwp%2Fv2%2Fcomments&post=6722"}],"version-history":[{"count":0,"href":"https:\/\/www.radioamigavallenar.cl\/index.php?rest_route=\/wp\/v2\/posts\/6722\/revisions"}],"wp:featuredmedia":[{"embeddable":true,"href":"https:\/\/www.radioamigavallenar.cl\/index.php?rest_route=\/wp\/v2\/media\/6723"}],"wp:attachment":[{"href":"https:\/\/www.radioamigavallenar.cl\/index.php?rest_route=%2Fwp%2Fv2%2Fmedia&parent=6722"}],"wp:term":[{"taxonomy":"category","embeddable":true,"href":"https:\/\/www.radioamigavallenar.cl\/index.php?rest_route=%2Fwp%2Fv2%2Fcategories&post=6722"},{"taxonomy":"post_tag","embeddable":true,"href":"https:\/\/www.radioamigavallenar.cl\/index.php?rest_route=%2Fwp%2Fv2%2Ftags&post=6722"}],"curies":[{"name":"wp","href":"https:\/\/api.w.org\/{rel}","templated":true}]}}