{"id":6705,"date":"2017-09-20T19:23:59","date_gmt":"2017-09-20T22:23:59","guid":{"rendered":"http:\/\/www.radioamigavallenar.cl\/?p=6705"},"modified":"2017-09-20T19:23:59","modified_gmt":"2017-09-20T22:23:59","slug":"con-gran-convocatoria-freirina-celebra-fiestas-patrias","status":"publish","type":"post","link":"https:\/\/www.radioamigavallenar.cl\/?p=6705","title":{"rendered":"Con gran convocatoria Freirina celebra Fiestas Patrias"},"content":{"rendered":"<p style=\"text-align: center;\"><a href=\"http:\/\/www.radioamigavallenar.cl\/wp-content\/uploads\/2017\/09\/FIESTAS-PATRIAS-FREIRINA.jpg\"><img loading=\"lazy\" decoding=\"async\" class=\"alignnone size-medium wp-image-6706\" src=\"http:\/\/www.radioamigavallenar.cl\/wp-content\/uploads\/2017\/09\/FIESTAS-PATRIAS-FREIRINA-300x200.jpg\" alt=\"FIESTAS PATRIAS FREIRINA\" width=\"300\" height=\"200\" srcset=\"https:\/\/www.radioamigavallenar.cl\/wp-content\/uploads\/2017\/09\/FIESTAS-PATRIAS-FREIRINA-300x200.jpg 300w, https:\/\/www.radioamigavallenar.cl\/wp-content\/uploads\/2017\/09\/FIESTAS-PATRIAS-FREIRINA.jpg 700w\" sizes=\"auto, (max-width: 300px) 100vw, 300px\" \/><\/a><\/p>\n<p style=\"text-align: justify;\">Con un gran respaldo de vecinos y vecinas de la pintoresca comuna de Freirina, se celebraron las variadas actividades alusivas a las celebraciones del mes de la patria.<\/p>\n<p style=\"text-align: justify;\">Fueron 5 bandas musicales bailables las que amenizaron e hicieron disfrutar a \u00a0quienes asistieron a la Fonda Oficial organizada por el municipio de Freirina durante los d\u00edas 17 y 18 de septiembre, \u00a0llamada \u201cEl Pata Con Tierra\u201d, la que congreg\u00f3 a m\u00e1s de mil personas durante las dos jornadas.<\/p>\n<p style=\"text-align: justify;\">Otro evento que cont\u00f3 con la masiva participaci\u00f3n de la comunidad fue el Acto C\u00edvico y\u00a0 Desfile de Honor en conmemoraci\u00f3n de las Glorias Patrias, este, estuvo a cargo de la escuela Alejandro Noem\u00ed Huerta, quienes rindieron homenaje a la patria en una emotiva obra que, adem\u00e1s, cont\u00f3 la vida y obra de la gran cantautora y artista\u00a0 chilena Violeta Parra.<\/p>\n<p style=\"text-align: justify;\">Las actividades culminaron este 19 de septiembre en la tradicional Pampilla de Piedras Grandes en donde a\u00f1o a a\u00f1o cientos de Freirinenses y turistas se congregan para celebrar rodeados del bello fen\u00f3meno del Desierto Florido. Juegos T\u00edpicos, concursos varios, familias compartiendo, fueron la t\u00f3nica de la gran celebraci\u00f3n de la Pampilla de Freirina.<\/p>\n<p style=\"text-align: justify;\">Como cada a\u00f1o, el municipio local dispuso de bandas en vivo, entrega de bolsa de basura, premios y est\u00edmulos para las familias que asistieron en gran cantidad.<\/p>\n<p style=\"text-align: justify;\">El alcalde de Freirina Cesar Orellana Orellana, aprovech\u00f3 diversas instancias para agradecer al equipo municipal que ejecut\u00f3 las actividades de fiestas patrias y destac\u00f3 el buen comportamiento de quienes participaron en las actividades \u201cdurante todo este mes, hicimos un fuerte llamado a la prudencia y a celebrar con responsabilidad, lo que permite que hoy solo tengamos cifras positivas\u201d\u2026 \u201cagradezco y felicito el trabajo realizado por los funcionarios municipales y al equipo de la escuela Alejandro Noemi Huerta, quienes montaron un gran acto c\u00edvico y una hermosa alegor\u00eda. Agradezco tambi\u00e9n a carabineros de Freirina, quienes desplegaron un completo operativo por nuestra comuna y la provincia en general.\u201d Finaliz\u00f3 Orellana.<\/p>\n","protected":false},"excerpt":{"rendered":"<p>Con un gran respaldo de vecinos y vecinas de la pintoresca comuna de Freirina, se celebraron las variadas actividades alusivas a las celebraciones del mes&hellip; <\/p>\n","protected":false},"author":2,"featured_media":6706,"comment_status":"open","ping_status":"closed","sticky":false,"template":"","format":"standard","meta":{"footnotes":""},"categories":[3],"tags":[],"class_list":["post-6705","post","type-post","status-publish","format-standard","has-post-thumbnail","hentry","category-freirina"],"_links":{"self":[{"href":"https:\/\/www.radioamigavallenar.cl\/index.php?rest_route=\/wp\/v2\/posts\/6705","targetHints":{"allow":["GET"]}}],"collection":[{"href":"https:\/\/www.radioamigavallenar.cl\/index.php?rest_route=\/wp\/v2\/posts"}],"about":[{"href":"https:\/\/www.radioamigavallenar.cl\/index.php?rest_route=\/wp\/v2\/types\/post"}],"author":[{"embeddable":true,"href":"https:\/\/www.radioamigavallenar.cl\/index.php?rest_route=\/wp\/v2\/users\/2"}],"replies":[{"embeddable":true,"href":"https:\/\/www.radioamigavallenar.cl\/index.php?rest_route=%2Fwp%2Fv2%2Fcomments&post=6705"}],"version-history":[{"count":0,"href":"https:\/\/www.radioamigavallenar.cl\/index.php?rest_route=\/wp\/v2\/posts\/6705\/revisions"}],"wp:featuredmedia":[{"embeddable":true,"href":"https:\/\/www.radioamigavallenar.cl\/index.php?rest_route=\/wp\/v2\/media\/6706"}],"wp:attachment":[{"href":"https:\/\/www.radioamigavallenar.cl\/index.php?rest_route=%2Fwp%2Fv2%2Fmedia&parent=6705"}],"wp:term":[{"taxonomy":"category","embeddable":true,"href":"https:\/\/www.radioamigavallenar.cl\/index.php?rest_route=%2Fwp%2Fv2%2Fcategories&post=6705"},{"taxonomy":"post_tag","embeddable":true,"href":"https:\/\/www.radioamigavallenar.cl\/index.php?rest_route=%2Fwp%2Fv2%2Ftags&post=6705"}],"curies":[{"name":"wp","href":"https:\/\/api.w.org\/{rel}","templated":true}]}}