{"id":6698,"date":"2017-09-20T19:19:08","date_gmt":"2017-09-20T22:19:08","guid":{"rendered":"http:\/\/www.radioamigavallenar.cl\/?p=6698"},"modified":"2017-09-20T19:19:08","modified_gmt":"2017-09-20T22:19:08","slug":"gobierno-apoya-17-emprendimientos-de-la-provincia-del-huasco-y-fortalece-mercado-municipal-de-vallenar","status":"publish","type":"post","link":"https:\/\/www.radioamigavallenar.cl\/?p=6698","title":{"rendered":"Gobierno apoya 17 emprendimientos de la Provincia del Huasco y fortalece Mercado Municipal de Vallenar"},"content":{"rendered":"<p style=\"text-align: center;\"><a href=\"http:\/\/www.radioamigavallenar.cl\/wp-content\/uploads\/2017\/09\/MERCADO-MUNICIPAL-INAGURACI\u00d3N-N\u00daMERACI\u00d3N-DE-LOCALES.jpg\"><img loading=\"lazy\" decoding=\"async\" class=\"alignnone size-medium wp-image-6699\" src=\"http:\/\/www.radioamigavallenar.cl\/wp-content\/uploads\/2017\/09\/MERCADO-MUNICIPAL-INAGURACI\u00d3N-N\u00daMERACI\u00d3N-DE-LOCALES-300x225.jpg\" alt=\"MERCADO MUNICIPAL - INAGURACI\u00d3N N\u00daMERACI\u00d3N DE LOCALES\" width=\"300\" height=\"225\" srcset=\"https:\/\/www.radioamigavallenar.cl\/wp-content\/uploads\/2017\/09\/MERCADO-MUNICIPAL-INAGURACI\u00d3N-N\u00daMERACI\u00d3N-DE-LOCALES-300x225.jpg 300w, https:\/\/www.radioamigavallenar.cl\/wp-content\/uploads\/2017\/09\/MERCADO-MUNICIPAL-INAGURACI\u00d3N-N\u00daMERACI\u00d3N-DE-LOCALES.jpg 700w\" sizes=\"auto, (max-width: 300px) 100vw, 300px\" \/><\/a><\/p>\n<p style=\"text-align: justify;\">En dos ceremonias desarrolladas en el Mercado Municipal de Vallenar, la directora regional del SERCOTEC, Any Dorador Alfaro, encabez\u00f3 la entrega de 17 certificados a micro y peque\u00f1os empresarios de la provincia del Huasco, beneficiados con programas regulares del Servicio de Cooperaci\u00f3n T\u00e9cnica, y la inauguraci\u00f3n de los nuevos implementos, herramientas y plataformas virtuales de dicho recinto.<\/p>\n<p style=\"text-align: justify;\">La primera ceremonia cont\u00f3 con la presencia del alcalde Cristian Tapia y de la presidenta de la asociaci\u00f3n gremial del Mercado Municipal de Vallenar, Silvia Zamorano. En esta se inauguraron los nuevos letreros del mercado, que desde ahora estar\u00e1n a la vista de los transe\u00fantes de la comuna e identificar\u00e1n al recinto como tal. Adem\u00e1s, se dio por inaugurada la p\u00e1gina web del mercado, cuya funci\u00f3n principal ser\u00e1 ofrecer a trav\u00e9s de internet los servicios que posee este tradicional espacio. Cada uno de los micro empresarios ahora podr\u00e1 contar con letrero en sus locales, que los identificar\u00e1 y es importante relevar que, desde ahora, la agrupaci\u00f3n cuenta con un notebook, un proyector (data show) y un sistema de amplificaci\u00f3n para realizar eventos. Todo esto, con apoyo del programa de \u201cFortalecimiento Gremial y Cooperativo\u201d del SERCOTEC.<\/p>\n<p style=\"text-align: justify;\">Respecto al fortalecimiento del Mercado Municipal, la directora regional del SERCOTEC, Any Dorador Alfaro, manifest\u00f3 que \u201cel programa de Fortalecimiento Gremial y Cooperativo adem\u00e1s de apoyar la creaci\u00f3n y el fortalecimiento de las asociaciones de micro y peque\u00f1os empresarios y cooperativas, busca contribuir a para que las agrupaciones se formalicen, afiancen la asociatividad, mejoren su capacidad de gesti\u00f3n y puedan ofrecer mejores servicios a sus asociados. Eso es lo que hemos logrado en conjunto con la asociaci\u00f3n gremial del Mercado Municipal de Vallenar. Gracias a esto hoy podemos ver avances importantes y porque no decirlo, hist\u00f3ricos para el mercado municipal de Vallenar. Por primera vez tiene su p\u00e1gina web, letreros que identifican el mercado, implementos para sus eventos y lo m\u00e1s importante, contribuimos entre todos y todas, para generar mayor asociatividad, es decir, aumento de redes de contactos entre sus pares, no s\u00f3lo en Vallenar, sino que en la regi\u00f3n y el pa\u00eds\u201d.<\/p>\n<p style=\"text-align: justify;\">M\u00e1s tarde y en el mismo mercado, con la presencia de la gobernadora de la provincia del Huasco, Magaly Varas, se realiz\u00f3 la entrega de certificados a 17 micro empresas de la provincia del Huasco, que resultaron beneficiadas con los programas Crece Reemprende, Crece Abeja, Capital Abeja y Capital Semilla del SERCOTEC. Gracias a este apoyo, los emprendedores podr\u00e1n ampliar sus dependencias, comprar m\u00e1s activos (insumos), fortalecer sus emprendimientos y aumentar sus ventas.<\/p>\n<p style=\"text-align: justify;\">En este marco, La directora Any Dorador, declar\u00f3 que \u201ccon estas iniciativas estamos entregando apoyo directo a micro empresarios\/as de la provincia para que mejoren y potencien sus emprendimientos. En el caso de los programas regulares, el SERCOTEC de Atacama aument\u00f3 en un 100% su inversi\u00f3n respecto de la administraci\u00f3n anterior. Esto implica, por cierto, tambi\u00e9n una mayor cobertura de beneficiados. Estamos ejecutando nuestros programas, entregando nuevas herramientas y tambi\u00e9n acompa\u00f1ando a nuestros emprendedores\u201d.<\/p>\n<p style=\"text-align: justify;\">Para el programa Crece Reemprende se destinaron $6.000.000 (1 beneficiado); para el programa Crece Abeja $44.047.000 (9 beneficiados); para el Capital Abeja Emprende $11.945.900 (6 beneficiados) y finalmente para el programa Capital Semilla Emprende $3.500.000 (1 beneficiado). La inversi\u00f3n fue ejecutada por el Servicio de Cooperaci\u00f3n T\u00e9cnica (SERCOTEC) y en total fueron $65.492.900. Para el Mercado de Vallenar, a trav\u00e9s del programa de Fortalecimiento Gremial y Asociativo, los recursos destinados fueron $6.000.000. Este \u00faltimo, es un proyecto de adquisici\u00f3n de equipamiento y producci\u00f3n de evento promocional de la Asociaci\u00f3n de Arrendatarios y Artesanos del Mercado Municipal.<\/p>\n<p style=\"text-align: justify;\">Para concluir, la presidenta de la Asociaci\u00f3n Gremial de Arrendatarios y Artesanos del Mercado Municipal, Silvia Zamorano, agreg\u00f3 que \u201choy tengo el honor de dar a conocer nuestros avances. Ya tenemos letreros que nos identifican como gremio, mercado y comuna. Este reciento en un patrimonio, de hecho, es el \u00fanico mercado que hay en la regi\u00f3n. Nos adjudicamos el proyecto asociativo de SERCOTEC y ya nos proyectamos a futuro gracias a este. Queremos que el mercado apunte al turismo, adem\u00e1s de adquirir m\u00e1s clientes. Cuando tenemos la presencia del desierto florido no est\u00e1bamos muy preparados para recibir a turistas, pero ahora con este aporte del SERCOTEC estaremos en mejores condiciones. Es una emoci\u00f3n ver nuestros nuevos letreros, nuestra p\u00e1gina web, los letreros con n\u00fameros que identificaran cada local de este lugar, un notebook, un data show, por nombrar algunos ejemplos\u201d.<\/p>\n<p>&nbsp;<\/p>\n<p>&nbsp;<\/p>\n","protected":false},"excerpt":{"rendered":"<p>En dos ceremonias desarrolladas en el Mercado Municipal de Vallenar, la directora regional del SERCOTEC, Any Dorador Alfaro, encabez\u00f3 la entrega de 17 certificados a&hellip; <\/p>\n","protected":false},"author":2,"featured_media":6699,"comment_status":"open","ping_status":"closed","sticky":false,"template":"","format":"standard","meta":{"footnotes":""},"categories":[2],"tags":[],"class_list":["post-6698","post","type-post","status-publish","format-standard","has-post-thumbnail","hentry","category-vallenar"],"_links":{"self":[{"href":"https:\/\/www.radioamigavallenar.cl\/index.php?rest_route=\/wp\/v2\/posts\/6698","targetHints":{"allow":["GET"]}}],"collection":[{"href":"https:\/\/www.radioamigavallenar.cl\/index.php?rest_route=\/wp\/v2\/posts"}],"about":[{"href":"https:\/\/www.radioamigavallenar.cl\/index.php?rest_route=\/wp\/v2\/types\/post"}],"author":[{"embeddable":true,"href":"https:\/\/www.radioamigavallenar.cl\/index.php?rest_route=\/wp\/v2\/users\/2"}],"replies":[{"embeddable":true,"href":"https:\/\/www.radioamigavallenar.cl\/index.php?rest_route=%2Fwp%2Fv2%2Fcomments&post=6698"}],"version-history":[{"count":0,"href":"https:\/\/www.radioamigavallenar.cl\/index.php?rest_route=\/wp\/v2\/posts\/6698\/revisions"}],"wp:featuredmedia":[{"embeddable":true,"href":"https:\/\/www.radioamigavallenar.cl\/index.php?rest_route=\/wp\/v2\/media\/6699"}],"wp:attachment":[{"href":"https:\/\/www.radioamigavallenar.cl\/index.php?rest_route=%2Fwp%2Fv2%2Fmedia&parent=6698"}],"wp:term":[{"taxonomy":"category","embeddable":true,"href":"https:\/\/www.radioamigavallenar.cl\/index.php?rest_route=%2Fwp%2Fv2%2Fcategories&post=6698"},{"taxonomy":"post_tag","embeddable":true,"href":"https:\/\/www.radioamigavallenar.cl\/index.php?rest_route=%2Fwp%2Fv2%2Ftags&post=6698"}],"curies":[{"name":"wp","href":"https:\/\/api.w.org\/{rel}","templated":true}]}}