{"id":6691,"date":"2017-09-15T19:17:03","date_gmt":"2017-09-15T22:17:03","guid":{"rendered":"http:\/\/www.radioamigavallenar.cl\/?p=6691"},"modified":"2017-09-15T19:17:03","modified_gmt":"2017-09-15T22:17:03","slug":"con-el-mensaje-cuida-tus-limites-previenen-a-la-ciudadania-de-diego-de-almagro","status":"publish","type":"post","link":"https:\/\/www.radioamigavallenar.cl\/?p=6691","title":{"rendered":"Con el mensaje \u00abcuida tus l\u00edmites\u00bb previenen a la ciudadan\u00eda de Diego de Almagro"},"content":{"rendered":"<p style=\"text-align: center;\"><a href=\"http:\/\/www.radioamigavallenar.cl\/wp-content\/uploads\/2017\/09\/cuida-tus-limites.jpg\"><img loading=\"lazy\" decoding=\"async\" class=\"alignnone size-medium wp-image-6692\" src=\"http:\/\/www.radioamigavallenar.cl\/wp-content\/uploads\/2017\/09\/cuida-tus-limites-300x225.jpg\" alt=\"cuida tus limites\" width=\"300\" height=\"225\" srcset=\"https:\/\/www.radioamigavallenar.cl\/wp-content\/uploads\/2017\/09\/cuida-tus-limites-300x225.jpg 300w, https:\/\/www.radioamigavallenar.cl\/wp-content\/uploads\/2017\/09\/cuida-tus-limites.jpg 700w\" sizes=\"auto, (max-width: 300px) 100vw, 300px\" \/><\/a><\/p>\n<p style=\"text-align: justify;\">En el marco de las diversas acciones que est\u00e1 llevando efecto Carabineros, durante estos d\u00edas previos a fiestas patrias, el personal de la Subcomisar\u00eda de Diego de Almagro en conjunto con la coordinadora comunal de Senda Previene, realiz\u00f3 una jornada de difusi\u00f3n y fortalecimiento de mensajes de autocuidado a conductores y due\u00f1os de locales de alcohol.<\/p>\n<p style=\"text-align: justify;\">Dicha acci\u00f3n comunicacional denominada \u201cCuida tus L\u00edmites\u201d, se desarroll\u00f3 en aquellos puntos de mayor transitabilidad vehicular de la comuna de Diego de Almagro, con el prop\u00f3sito de dialogar con los conductores, entregar los mensajes preventivos y de autocuidado, de manera tal de evitar los accidentes de tr\u00e1nsito durante estas fechas de celebraciones patrias a causa del consumo de alcohol.<\/p>\n<p style=\"text-align: justify;\">\u00a0Del mismo modo, durante esta actividad encabezada por el Subcomisario, Capit\u00e1n Roberto Bustos Rodr\u00edguez, junto a la coordinadora comunal de Senda Previene Roxana Castillo Andueza, el Sargento 1\u00b0 Juan Baeza Osorio y el Carabinero Jos\u00e9 Araya Correa, recorrieron los locales de expendio de bebidas alcoh\u00f3licas haci\u00e9ndoles presente las prohibiciones y sanciones que dispone la ley por la venta de alcohol a menores de edad (Art. 42 de la ley Nro. 19.925).<\/p>\n","protected":false},"excerpt":{"rendered":"<p>En el marco de las diversas acciones que est\u00e1 llevando efecto Carabineros, durante estos d\u00edas previos a fiestas patrias, el personal de la Subcomisar\u00eda de&hellip; <\/p>\n","protected":false},"author":2,"featured_media":6692,"comment_status":"open","ping_status":"closed","sticky":false,"template":"","format":"standard","meta":{"footnotes":""},"categories":[6],"tags":[],"class_list":["post-6691","post","type-post","status-publish","format-standard","has-post-thumbnail","hentry","category-policial"],"_links":{"self":[{"href":"https:\/\/www.radioamigavallenar.cl\/index.php?rest_route=\/wp\/v2\/posts\/6691","targetHints":{"allow":["GET"]}}],"collection":[{"href":"https:\/\/www.radioamigavallenar.cl\/index.php?rest_route=\/wp\/v2\/posts"}],"about":[{"href":"https:\/\/www.radioamigavallenar.cl\/index.php?rest_route=\/wp\/v2\/types\/post"}],"author":[{"embeddable":true,"href":"https:\/\/www.radioamigavallenar.cl\/index.php?rest_route=\/wp\/v2\/users\/2"}],"replies":[{"embeddable":true,"href":"https:\/\/www.radioamigavallenar.cl\/index.php?rest_route=%2Fwp%2Fv2%2Fcomments&post=6691"}],"version-history":[{"count":0,"href":"https:\/\/www.radioamigavallenar.cl\/index.php?rest_route=\/wp\/v2\/posts\/6691\/revisions"}],"wp:featuredmedia":[{"embeddable":true,"href":"https:\/\/www.radioamigavallenar.cl\/index.php?rest_route=\/wp\/v2\/media\/6692"}],"wp:attachment":[{"href":"https:\/\/www.radioamigavallenar.cl\/index.php?rest_route=%2Fwp%2Fv2%2Fmedia&parent=6691"}],"wp:term":[{"taxonomy":"category","embeddable":true,"href":"https:\/\/www.radioamigavallenar.cl\/index.php?rest_route=%2Fwp%2Fv2%2Fcategories&post=6691"},{"taxonomy":"post_tag","embeddable":true,"href":"https:\/\/www.radioamigavallenar.cl\/index.php?rest_route=%2Fwp%2Fv2%2Ftags&post=6691"}],"curies":[{"name":"wp","href":"https:\/\/api.w.org\/{rel}","templated":true}]}}