{"id":66888,"date":"2023-03-18T00:00:41","date_gmt":"2023-03-18T03:00:41","guid":{"rendered":"https:\/\/www.radioamigavallenar.cl\/?p=66888"},"modified":"2023-03-17T21:45:36","modified_gmt":"2023-03-18T00:45:36","slug":"mas-de-80-expositores-tendra-la-12-version-de-la-feria-nacional-de-artesania-de-bahia-inglesa","status":"publish","type":"post","link":"https:\/\/www.radioamigavallenar.cl\/?p=66888","title":{"rendered":"M\u00e1s de 80 expositores tendr\u00e1 la 12\u00b0 versi\u00f3n de  la Feria Nacional de artesan\u00eda de Bah\u00eda Inglesa"},"content":{"rendered":"<p><strong>El tradicional encuentro se realizar\u00e1 el fin de semana santa entre el 07 y 09 de abril en el estacionamiento de la Playa El Chuncho a un costado de Bah\u00eda Inglesa.<\/strong><\/p>\n<p><strong>Teatro, conversatorios, cuentacuentos, muestras de oficios, m\u00fasica en vivo, danza, y variadas sorpresas considera la feria que este a\u00f1o dedicar\u00e1 un espacio especial para una exposici\u00f3n tem\u00e1tica en conmemoraci\u00f3n de los 50 a\u00f1os del golpe de estado c\u00edvico-militar.\u00a0 <\/strong><\/p>\n<p>En dependencias del Archivo Regional se llev\u00f3 a cabo el lanzamiento de la 12\u00b0 versi\u00f3n de la Feria Nacional de Artesan\u00eda Bah\u00eda Inglesa 2023 \u00abLa Memoria en Nuestras Manos\u00bb, encuentro identitario de nuestra regi\u00f3n que tendr\u00e1 lugar entre el viernes 07 y el domingo 09 de abril en el estacionamiento de Playa El Chuncho en la comuna de Caldera.<\/p>\n<p>&nbsp;<\/p>\n<p>M\u00e1s de 230 postulaciones para participar de artesanos y artesanas de todo el pa\u00eds recibieron los organizadores, seleccionando a un total de 80 que conformar\u00e1n la feria m\u00e1s grande que se ha realizado a la fecha, y que en esta edici\u00f3n conmemorar\u00e1 los 50 a\u00f1os del golpe c\u00edvico-militar, por lo que contar\u00e1 con una exposici\u00f3n tem\u00e1tica compuesta con piezas \u00fanicas y originales creadas especialmente para esta ocasi\u00f3n por las artesanas y artesanos participantes.<\/p>\n<p>Muestras de oficios, talleres para establecimientos educacionales y organizaciones tanto territoriales como funcionales, coloquios, presentaciones de m\u00fasica en vivo, danza, cuentacuentos, literatura y teatro, tambi\u00e9n conformar\u00e1n parte de esta iniciativa que a\u00f1o a a\u00f1o congrega lo m\u00e1s selecto de la artesan\u00eda nacional.<\/p>\n<p>As\u00ed lo dio a conocer la presidenta de la Agrupaci\u00f3n Artesanal y Cultural Nuevo Horizonte de Bah\u00eda Inglesa, Catalina Gonz\u00e1lez. \u201cPara nosotros es s\u00faper importante el desarrollo de esta feria nacional, porque ya es un hito en la regi\u00f3n. Es una de las ferias m\u00e1s importantes de la zona norte, y tiene participaci\u00f3n de artesanos de todos Chile, traemos casi todas las disciplinas, cer\u00e1mica, orfebrer\u00eda, cester\u00eda, mimbre, distintos tipos de textil como los Mapuches y Aymaras, contempor\u00e1neos, distintos tipos de orfebrer\u00eda tambi\u00e9n, vienen artesanos tradicionales y contempor\u00e1neos. Este a\u00f1o postularon m\u00e1s de 230 artesanos y artesanas y seleccionamos 80, que es un gran n\u00famero, primera vez que tendremos una feria tan grande, tendremos mimbre desde Chimbarongo, cester\u00eda desde el sur, estar\u00e1 Chilo\u00e9 presente, Arica, Iquique, Coyhaique, y distintas regiones del pa\u00eds, con muestras de artesan\u00eda y oficios identitarios de cada territorio\u201d.<\/p>\n<p><strong>50 A\u00d1OS DEL GOLPE DE ESTADO<\/strong><\/p>\n<p>\u201cEste a\u00f1o conmemoran s los 50 a\u00f1os del golpe militar, y las artesanos y artesanos crearon piezas especiales\u00a0 para conmemorar, tendremos una exposici\u00f3n permanente de las piezas que fueron hechas con sus memorias de estos 50 a\u00f1os. Tendremos adem\u00e1s m\u00fasica, teatro, cuentacuentos, circo, danza, m\u00fasica en vivo, en estos 3 d\u00edas de exposici\u00f3n, tambi\u00e9n tendremos talleres en los colegios y para las mujeres de Caldera, y en Copiap\u00f3 tendremos un taller de memoria junto al Archivo Regional, los que se realizar\u00e1n previo a la feria, y a los que les invitamos a participar para lo cual deben inscribirse a trav\u00e9s de la p\u00e1gina y\/o redes de la cooperativa Ilu Artesanos\u201d, coment\u00f3 Catalina Gonz\u00e1lez.<\/p>\n<p>Al respecto, El Seremi de las Culturas, las Artes y el Patrimonio, Juan Pedro Palta indic\u00f3 que \u201cla feria nacional de artesan\u00eda, que este a\u00f1o financiamos a trav\u00e9s del Fondart Regional 2023, es un hito identitario que ya trabajamos hace bastante tiempo junto a la Agrupaci\u00f3n Artesanal y Cultural Nuevo Horizonte de Bah\u00eda Inglesa, la que como ministerio nos permite cumplir varios objetivos como por ejemplo fortalecer la reactivaci\u00f3n econ\u00f3mica del sector, y adem\u00e1s nos permite generar espacios de participaci\u00f3n para otras disciplinas como la m\u00fasica, literatura, danza, teatro, circo, as\u00ed que invitamos a la comunidad a participar de esta instancia desde el viernes 07 al domingo 09 de abril\u201d.<\/p>\n<p>Por su parte, La Conservadora del Archivo Regional, que tambi\u00e9n contar\u00e1 con actividades en el marco de la feria de artesan\u00eda, explic\u00f3 que \u201csiempre es importante que como instituciones p\u00fablicas mandatadas a preservar y poner en valor la memoria de nuestros pueblos nos sumemos a este espacio organizado por la Agrupaci\u00f3n Nuevo Horizonte los d\u00edas 7, 8 y 9 de abril, y como archivo, y considerando este simb\u00f3lico nombre de la feria &#8211; La Memoria en Nuestras Manos &#8211; hemos dispuesto de los espacios del archivo para llevar a cabo extensiones de esta propia feria a trav\u00e9s de talleres dirigidos a la ciudadan\u00eda, con la finalidad de relevar y poner en valor hechos tan dolorosos como la conmemoraci\u00f3n de los 50 a\u00f1os del golpe c\u00edvico militar\u201d, coment\u00f3.<\/p>\n<p>La feria nacional de artesan\u00eda, como todos los a\u00f1os, est\u00e1 proyectada como un espacio para que participe toda la comunidad, por lo que hay actividades preparadas para todas las edades, por lo que la invitaci\u00f3n es asistir, disfrutar junto a los seres queridos, y por supuesto, adquirir las maravillosas creaciones de las y los artesanos que participar\u00e1n en esta nueva versi\u00f3n.<\/p>\n","protected":false},"excerpt":{"rendered":"<p>El tradicional encuentro se realizar\u00e1 el fin de semana santa entre el 07 y 09 de abril en el estacionamiento de la Playa El Chuncho&hellip; <\/p>\n","protected":false},"author":2,"featured_media":0,"comment_status":"open","ping_status":"closed","sticky":false,"template":"","format":"standard","meta":{"footnotes":""},"categories":[38],"tags":[],"class_list":["post-66888","post","type-post","status-publish","format-standard","hentry","category-portada-regional"],"_links":{"self":[{"href":"https:\/\/www.radioamigavallenar.cl\/index.php?rest_route=\/wp\/v2\/posts\/66888","targetHints":{"allow":["GET"]}}],"collection":[{"href":"https:\/\/www.radioamigavallenar.cl\/index.php?rest_route=\/wp\/v2\/posts"}],"about":[{"href":"https:\/\/www.radioamigavallenar.cl\/index.php?rest_route=\/wp\/v2\/types\/post"}],"author":[{"embeddable":true,"href":"https:\/\/www.radioamigavallenar.cl\/index.php?rest_route=\/wp\/v2\/users\/2"}],"replies":[{"embeddable":true,"href":"https:\/\/www.radioamigavallenar.cl\/index.php?rest_route=%2Fwp%2Fv2%2Fcomments&post=66888"}],"version-history":[{"count":1,"href":"https:\/\/www.radioamigavallenar.cl\/index.php?rest_route=\/wp\/v2\/posts\/66888\/revisions"}],"predecessor-version":[{"id":66890,"href":"https:\/\/www.radioamigavallenar.cl\/index.php?rest_route=\/wp\/v2\/posts\/66888\/revisions\/66890"}],"wp:attachment":[{"href":"https:\/\/www.radioamigavallenar.cl\/index.php?rest_route=%2Fwp%2Fv2%2Fmedia&parent=66888"}],"wp:term":[{"taxonomy":"category","embeddable":true,"href":"https:\/\/www.radioamigavallenar.cl\/index.php?rest_route=%2Fwp%2Fv2%2Fcategories&post=66888"},{"taxonomy":"post_tag","embeddable":true,"href":"https:\/\/www.radioamigavallenar.cl\/index.php?rest_route=%2Fwp%2Fv2%2Ftags&post=66888"}],"curies":[{"name":"wp","href":"https:\/\/api.w.org\/{rel}","templated":true}]}}