{"id":66855,"date":"2023-03-18T00:00:35","date_gmt":"2023-03-18T03:00:35","guid":{"rendered":"https:\/\/www.radioamigavallenar.cl\/?p=66855"},"modified":"2023-03-17T21:29:32","modified_gmt":"2023-03-18T00:29:32","slug":"pdi-atacama-incauto-una-tonelada-y-media-de-marihuana-en-sector-precordillerano","status":"publish","type":"post","link":"https:\/\/www.radioamigavallenar.cl\/?p=66855","title":{"rendered":"PDI Atacama incaut\u00f3 una tonelada y media de Marihuana en sector Precordillerano"},"content":{"rendered":"<p>Detectives de la Brigada Antinarc\u00f3ticos y Contra el Crimen Organizado (Brianco) de la Polic\u00eda de Investigaciones de Copiap\u00f3, realizaron un procedimiento que permiti\u00f3 ubicar una plantaci\u00f3n de cannabis en el sector precordillerano de la Regi\u00f3n de Atacama, incautando m\u00e1s de 2.700 plantas y deteniendo a diez personas por infracci\u00f3n a la Ley de Drogas.<\/p>\n<p>La investigaci\u00f3n de los oficiales policiales, realizada en coordinaci\u00f3n con la Unidad de An\u00e1lisis Criminal y Focos Investigativos (Sacfi) de la Fiscal\u00eda Regional de Atacama, permiti\u00f3 establecer la presencia de un cultivo de plantas del g\u00e9nero cannabis,\u00a0 en un lugar de dif\u00edcil acceso que se abastec\u00eda de su propio sistema de regad\u00edo. En el desarrollo del operativo, investigadores policiales de la Brianco Copiap\u00f3 sorprendieron de manera flagrante a diez personas en pleno proceso de cosecha, los cuales contaban con armas de fuego para resguardar la droga.<\/p>\n<p>En el procedimiento, se incautaron 2.724 plantas de cannabis en proceso de crecimiento, con un altura de entre 50 cent\u00edmetros a 1.80 metros de altura. Adem\u00e1s, se encontraron 44 kilos 290 gramos de cannabis procesada lista para su comercializaci\u00f3n. De haberse completado el proceso de cosecha de la droga, la cantidad incautada alcanzar\u00eda una tonelada y media de cannabis, lo cual llevado a la venta en el mercado ilegal, se traducir\u00eda en 7.500 millones de pesos.<\/p>\n<p>El Jefe de la Prefectura Antinarc\u00f3ticos y Contra el Crimen Organizado Norte, subprefecto Marcelo Atala, se\u00f1al\u00f3 que \u201chemos desarticulado una estructura criminal que fue sorprendida en flagrancia en el sector precordillerano, donde pudimos constatar que cosechaban una cantidad importante de cannabis. Los detenidos contaban con una cobertura de seguridad y una gran cantidad de munici\u00f3n que les permit\u00eda enfrentar cualquier adversidad. Bajo una estrategia que estamos desarrollando como Prefectura Antinarc\u00f3ticos y Contra el Crimen Organizado Norte hemos podido desplegar las fuerzas necesarias para que el equipo llegara a la zona y sorprendiera en flagrancia a estas personas. Pudimos establecer que exist\u00eda un modus operandi perfectamente planificado con un sistema de riego donde se hac\u00edan valer de flujos de agua de quebradas para canalizar estas aguas, y generar un sofisticado proceso de regad\u00edo a las plantas. Es importante se\u00f1alar que se buscan estos lugares propicios para este tipo de cultivos, por lo que trabajamos en distintos frentes en toda la zona norte con distintas estrategias que nos permitan dar una l\u00f3gica al fen\u00f3meno que estamos enfrentando\u201d.<\/p>\n<p>Adem\u00e1s, en el operativo se incaut\u00f3 un fusil, una escopeta, 138 municiones para ambas armas y tres veh\u00edculos utilizados para el transporte de las personas encargadas de mantener la plantaci\u00f3n de cannabis.<\/p>\n<p style=\"text-align: center;\"><strong>FORMALIZACI\u00d3N<\/strong><\/p>\n<p>Desde la Fiscal\u00eda de Atacama su vocera regional, Rebeca Varas, indic\u00f3 que la investigaci\u00f3n de esta causa estuvo a cargo de la Unidad de An\u00e1lisis y Focos Investigativos (Sacfi) quienes junto a la labor de la Brianco de la PDI de Copiap\u00f3 analizaron los antecedentes que daban cuenta de una plantaci\u00f3n de cannabis en el sector precordillerano de esta comuna.<\/p>\n<p>Es as\u00ed que a partir del trabajo indagatorio personal de la PDI se concret\u00f3 la detenci\u00f3n de diez personas chilenas en los precisos momentos en que se encontraban en labores de cosecha y tratamiento de 2 mil 720 plantas de cannabis en una zona ubicada alrededor de 70 kil\u00f3metros al interior de la capital de Atacama.<\/p>\n<p>\u201cEn la audiencia de formalizaci\u00f3n de todos los detenidos la Fiscal\u00eda imput\u00f3 el delito penal de siembra, cultivo y cosecha de marihuana, lo cual necesariamente debi\u00f3 involucrar una preparaci\u00f3n y organizaci\u00f3n previa debido a la lejan\u00eda del terreno en que se realiz\u00f3 la plantaci\u00f3n y el trabajo log\u00edstico que los imputados realizaron para crear un estanque destinado al regad\u00edo de las plantas adem\u00e1s de una completa log\u00edstica para poder concretar su il\u00edcito objetivo\u201d, indic\u00f3 Varas.<\/p>\n<p>En la audiencia, a partir de los antecedentes argumentados por la Fiscal\u00eda se decret\u00f3 la prisi\u00f3n preventiva de todos los involucrados por ser considerados un peligro para la seguridad de la sociedad, ordenando el Juez de turno su ingreso a la c\u00e1rcel de Copiap\u00f3.<\/p>\n","protected":false},"excerpt":{"rendered":"<p>Detectives de la Brigada Antinarc\u00f3ticos y Contra el Crimen Organizado (Brianco) de la Polic\u00eda de Investigaciones de Copiap\u00f3, realizaron un procedimiento que permiti\u00f3 ubicar una&hellip; <\/p>\n","protected":false},"author":2,"featured_media":0,"comment_status":"open","ping_status":"closed","sticky":false,"template":"","format":"standard","meta":{"footnotes":""},"categories":[7],"tags":[],"class_list":["post-66855","post","type-post","status-publish","format-standard","hentry","category-atacama"],"_links":{"self":[{"href":"https:\/\/www.radioamigavallenar.cl\/index.php?rest_route=\/wp\/v2\/posts\/66855","targetHints":{"allow":["GET"]}}],"collection":[{"href":"https:\/\/www.radioamigavallenar.cl\/index.php?rest_route=\/wp\/v2\/posts"}],"about":[{"href":"https:\/\/www.radioamigavallenar.cl\/index.php?rest_route=\/wp\/v2\/types\/post"}],"author":[{"embeddable":true,"href":"https:\/\/www.radioamigavallenar.cl\/index.php?rest_route=\/wp\/v2\/users\/2"}],"replies":[{"embeddable":true,"href":"https:\/\/www.radioamigavallenar.cl\/index.php?rest_route=%2Fwp%2Fv2%2Fcomments&post=66855"}],"version-history":[{"count":1,"href":"https:\/\/www.radioamigavallenar.cl\/index.php?rest_route=\/wp\/v2\/posts\/66855\/revisions"}],"predecessor-version":[{"id":66857,"href":"https:\/\/www.radioamigavallenar.cl\/index.php?rest_route=\/wp\/v2\/posts\/66855\/revisions\/66857"}],"wp:attachment":[{"href":"https:\/\/www.radioamigavallenar.cl\/index.php?rest_route=%2Fwp%2Fv2%2Fmedia&parent=66855"}],"wp:term":[{"taxonomy":"category","embeddable":true,"href":"https:\/\/www.radioamigavallenar.cl\/index.php?rest_route=%2Fwp%2Fv2%2Fcategories&post=66855"},{"taxonomy":"post_tag","embeddable":true,"href":"https:\/\/www.radioamigavallenar.cl\/index.php?rest_route=%2Fwp%2Fv2%2Ftags&post=66855"}],"curies":[{"name":"wp","href":"https:\/\/api.w.org\/{rel}","templated":true}]}}