{"id":6680,"date":"2017-09-15T14:31:19","date_gmt":"2017-09-15T17:31:19","guid":{"rendered":"http:\/\/www.radioamigavallenar.cl\/?p=6680"},"modified":"2017-09-15T14:31:19","modified_gmt":"2017-09-15T17:31:19","slug":"produccion-planta-pellets-se-corono-campeon-de-las-olimpiadas-dia-del-minero-2017","status":"publish","type":"post","link":"https:\/\/www.radioamigavallenar.cl\/?p=6680","title":{"rendered":"Producci\u00f3n Planta Pellets se coron\u00f3 campe\u00f3n de las Olimpiadas D\u00eda del Minero 2017"},"content":{"rendered":"<p style=\"text-align: right;\"><a href=\"http:\/\/www.radioamigavallenar.cl\/wp-content\/uploads\/2017\/09\/Cierre-de-las-Olimpiadas-2017-17.jpg\"><img loading=\"lazy\" decoding=\"async\" class=\" size-medium wp-image-6681 alignleft\" src=\"http:\/\/www.radioamigavallenar.cl\/wp-content\/uploads\/2017\/09\/Cierre-de-las-Olimpiadas-2017-17-300x200.jpg\" alt=\"Cierre de las Olimpiadas 2017 (17)\" width=\"300\" height=\"200\" srcset=\"https:\/\/www.radioamigavallenar.cl\/wp-content\/uploads\/2017\/09\/Cierre-de-las-Olimpiadas-2017-17-300x200.jpg 300w, https:\/\/www.radioamigavallenar.cl\/wp-content\/uploads\/2017\/09\/Cierre-de-las-Olimpiadas-2017-17.jpg 700w\" sizes=\"auto, (max-width: 300px) 100vw, 300px\" \/><\/a> <a href=\"http:\/\/www.radioamigavallenar.cl\/wp-content\/uploads\/2017\/09\/Cierre-de-las-Olimpiadas-2017-19.jpg\"><img loading=\"lazy\" decoding=\"async\" class=\"alignnone size-medium wp-image-6682\" src=\"http:\/\/www.radioamigavallenar.cl\/wp-content\/uploads\/2017\/09\/Cierre-de-las-Olimpiadas-2017-19-300x200.jpg\" alt=\"Cierre de las Olimpiadas 2017 (19)\" width=\"300\" height=\"200\" srcset=\"https:\/\/www.radioamigavallenar.cl\/wp-content\/uploads\/2017\/09\/Cierre-de-las-Olimpiadas-2017-19-300x200.jpg 300w, https:\/\/www.radioamigavallenar.cl\/wp-content\/uploads\/2017\/09\/Cierre-de-las-Olimpiadas-2017-19.jpg 700w\" sizes=\"auto, (max-width: 300px) 100vw, 300px\" \/><\/a><\/p>\n<p style=\"text-align: justify;\">Hasta diferentes puntos del Club Deportivo Algarrobo de Vallenar, llegaron los representantes de las agrupaciones de Planta Pellets y Mina Los Colorados, que compitieron en las Olimpiadas D\u00eda del Minero 2017, las cuales fueron organizadas por la casa deportiva de la capital provincial del Huasco.<\/p>\n<p style=\"text-align: justify;\">Fueron 21 d\u00edas de competencias en las disciplinas de Tenis de Mesa, Voleibol, B\u00e1squetbol, Ranita, Rayuela, F\u00fatbol, Atletismo, Mountain Bike, entre otras y fue la agrupaci\u00f3n compuesta por Producci\u00f3n Planta Pellets, la que se qued\u00f3 con el primer lugar, le sigui\u00f3 Mantenimiento Planta Pellets y el tercer lugar para Operaciones Mina Los Colorados.<\/p>\n<p style=\"text-align: justify;\"><strong>HISTORIA<\/strong><\/p>\n<p style=\"text-align: justify;\">Son m\u00e1s de 60 Olimpiadas D\u00eda del Minero que el Club Deportivo Algarrobo lleva organizando para que los trabajadores de CAP Miner\u00eda Valle del Huasco, se diviertan y compartan en familia de un evento deportivo de primer nivel.<\/p>\n<p style=\"text-align: justify;\">El presidente del Club Deportivo Algarrobo, Rodrigo Cepeda Paredes, coment\u00f3 que \u201cesta es la segunda versi\u00f3n que estamos nosotros a cargo, estamos dando el realce correspondiente dado el compromiso que los trabajadores del deportivo, como los trabajadores CAP Miner\u00eda en las distintas faenas y las distintas alianzas que se formaron, fueron tres semanas de competencia ardua, con harto compa\u00f1erismo, la familia estuvo reunida, as\u00ed que hay que darle el realce correspondiente para dar un buen t\u00e9rmino a estas olimpiadas\u201d.<\/p>\n<p style=\"text-align: justify;\">Para premiar a cada una de los competidores que obtuvieron los tres primeros lugares de las distintas disciplinas, el comit\u00e9 organizador brind\u00f3 una gran fiesta de camarader\u00eda, donde los participantes compartieron y disfrutaron con la m\u00fasica de la Pachanga Chile y los locales de La Juan Lennon Band.<\/p>\n<p style=\"text-align: justify;\"><a href=\"http:\/\/www.radioamigavallenar.cl\/wp-content\/uploads\/2017\/09\/Cierre-de-las-Olimpiadas-2017-17.jpg\"><img loading=\"lazy\" decoding=\"async\" class=\"aligncenter wp-image-6681 size-full\" src=\"http:\/\/www.radioamigavallenar.cl\/wp-content\/uploads\/2017\/09\/Cierre-de-las-Olimpiadas-2017-17.jpg\" alt=\"Cierre de las Olimpiadas 2017 (17)\" width=\"700\" height=\"467\" srcset=\"https:\/\/www.radioamigavallenar.cl\/wp-content\/uploads\/2017\/09\/Cierre-de-las-Olimpiadas-2017-17.jpg 700w, https:\/\/www.radioamigavallenar.cl\/wp-content\/uploads\/2017\/09\/Cierre-de-las-Olimpiadas-2017-17-300x200.jpg 300w\" sizes=\"auto, (max-width: 700px) 100vw, 700px\" \/><\/a><\/p>\n","protected":false},"excerpt":{"rendered":"<p>Hasta diferentes puntos del Club Deportivo Algarrobo de Vallenar, llegaron los representantes de las agrupaciones de Planta Pellets y Mina Los Colorados, que compitieron en&hellip; <\/p>\n","protected":false},"author":2,"featured_media":6681,"comment_status":"open","ping_status":"closed","sticky":false,"template":"","format":"standard","meta":{"footnotes":""},"categories":[8],"tags":[],"class_list":["post-6680","post","type-post","status-publish","format-standard","has-post-thumbnail","hentry","category-deportes"],"_links":{"self":[{"href":"https:\/\/www.radioamigavallenar.cl\/index.php?rest_route=\/wp\/v2\/posts\/6680","targetHints":{"allow":["GET"]}}],"collection":[{"href":"https:\/\/www.radioamigavallenar.cl\/index.php?rest_route=\/wp\/v2\/posts"}],"about":[{"href":"https:\/\/www.radioamigavallenar.cl\/index.php?rest_route=\/wp\/v2\/types\/post"}],"author":[{"embeddable":true,"href":"https:\/\/www.radioamigavallenar.cl\/index.php?rest_route=\/wp\/v2\/users\/2"}],"replies":[{"embeddable":true,"href":"https:\/\/www.radioamigavallenar.cl\/index.php?rest_route=%2Fwp%2Fv2%2Fcomments&post=6680"}],"version-history":[{"count":0,"href":"https:\/\/www.radioamigavallenar.cl\/index.php?rest_route=\/wp\/v2\/posts\/6680\/revisions"}],"wp:featuredmedia":[{"embeddable":true,"href":"https:\/\/www.radioamigavallenar.cl\/index.php?rest_route=\/wp\/v2\/media\/6681"}],"wp:attachment":[{"href":"https:\/\/www.radioamigavallenar.cl\/index.php?rest_route=%2Fwp%2Fv2%2Fmedia&parent=6680"}],"wp:term":[{"taxonomy":"category","embeddable":true,"href":"https:\/\/www.radioamigavallenar.cl\/index.php?rest_route=%2Fwp%2Fv2%2Fcategories&post=6680"},{"taxonomy":"post_tag","embeddable":true,"href":"https:\/\/www.radioamigavallenar.cl\/index.php?rest_route=%2Fwp%2Fv2%2Ftags&post=6680"}],"curies":[{"name":"wp","href":"https:\/\/api.w.org\/{rel}","templated":true}]}}