{"id":6677,"date":"2017-09-14T13:15:36","date_gmt":"2017-09-14T16:15:36","guid":{"rendered":"http:\/\/www.radioamigavallenar.cl\/?p=6677"},"modified":"2017-09-14T13:15:36","modified_gmt":"2017-09-14T16:15:36","slug":"gobierno-destina-mas-de-290-millones-de-pesos-para-apoyar-a-organizaciones-de-vallenar","status":"publish","type":"post","link":"https:\/\/www.radioamigavallenar.cl\/?p=6677","title":{"rendered":"Gobierno destina m\u00e1s de 290 millones de pesos para apoyar a organizaciones de Vallenar"},"content":{"rendered":"<p style=\"text-align: center;\"><a href=\"http:\/\/www.radioamigavallenar.cl\/wp-content\/uploads\/2017\/09\/recuros-organizaciones.jpg\"><img loading=\"lazy\" decoding=\"async\" class=\"alignnone size-medium wp-image-6674\" src=\"http:\/\/www.radioamigavallenar.cl\/wp-content\/uploads\/2017\/09\/recuros-organizaciones-300x196.jpg\" alt=\"recuros organizaciones\" width=\"300\" height=\"196\" srcset=\"https:\/\/www.radioamigavallenar.cl\/wp-content\/uploads\/2017\/09\/recuros-organizaciones-300x196.jpg 300w, https:\/\/www.radioamigavallenar.cl\/wp-content\/uploads\/2017\/09\/recuros-organizaciones.jpg 700w\" sizes=\"auto, (max-width: 300px) 100vw, 300px\" \/><\/a><\/p>\n<p style=\"text-align: justify;\">30 organizaciones sin fines de lucro de la comuna de Vallenar y 15 proyectos municipales se adjudicaron este a\u00f1o m\u00e1s de 290 millones de pesos, entregados por el Gobierno a trav\u00e9s del Concurso del Fondo de Desarrollo Regional (FNDR) 2%.<\/p>\n<p style=\"text-align: justify;\">La ceremonia de entrega fue encabezada por la Intendenta Regional, Alexandra N\u00fa\u00f1ez Sorich, representantes de Consejo Regional de Atacama, autoridades locales y representantes y dirigentes de las organizaciones que postularon, y que tras un periodo de evaluaci\u00f3n, se adjudicaron los recursos, que buscan fomentar y potenciar el desarrollo de iniciativas sociales, culturales, deportivas y seguridad ciudadana.<\/p>\n<p style=\"text-align: justify;\">Tras la ceremonia la Intendenta N\u00fa\u00f1ez, se\u00f1al\u00f3 \u201cquisiera agradecer a todas las organizaciones territoriales y funcionales, \u00a0y de todo tipo, que siempre est\u00e1n actualizadas con los requerimientos de su entorno y la comunidad donde habitan, y que son muy importantes para nuestro Gobierno, en t\u00e9rminos de colocar recursos donde tengan pertinencia con los sue\u00f1os y esperanzas de nuestra poblaci\u00f3n, en aras de mejorar la calidad de vida, que es uno de los imperativos que nos ha impuesto la Presidenta, Michelle Bachelet, en su programa de Gobierno\u201d.<\/p>\n<p style=\"text-align: justify;\">La m\u00e1xima autoridad regional agreg\u00f3 \u201cquiero felicitar a los beneficiados e instarlos a que sigan participando y ayudando, porque son un importante eslab\u00f3n en esta cadena de relacionamiento con la comunidad, y el compromiso de nuestro, es trabajar hasta el \u00faltimo d\u00eda del Gobierno en mejorar la equidad, justicia y el acceso a m\u00e1s oportunidades\u201d.<\/p>\n<p style=\"text-align: justify;\">Entre las organizaciones beneficiadas se encuentra la Agrupaci\u00f3n Pro Ayuda a las Personas con S\u00edndrome Down. Su presidenta, Marcia Trigo manifest\u00f3, \u201cnuestra agrupaci\u00f3n atiende a ni\u00f1os y j\u00f3venes con S\u00edndrome de Down y otras discapacidades, y el apoyo que nos entregaron, es el paso a insertarlos laboralmente. As\u00ed que como agrupaci\u00f3n estamos muy felices y no me queda m\u00e1s que agradecer al Gobierno Regional, por nuestra parte, seguiremos trabajando por nuestros ni\u00f1os\u201d.<\/p>\n<p style=\"text-align: justify;\">Por su parte, Luis Peralta, Presidente del Club Deportivo ACHS Diego Portales, manifest\u00f3 \u201cpara nuestra organizaci\u00f3n es fundamental el apoyo que hemos recibido del Gobierno, ya que nos servir\u00e1 para cumplir los anhelos y sue\u00f1os de nuestras bases, tanto j\u00f3venes, ni\u00f1os y personas en general. En cuanto al destino de nuestros fondos, estos ser\u00e1n utilizados en el desarrollo de talleres de formaci\u00f3n deportiva en gimnasia art\u00edstica\u201d.<\/p>\n<p style=\"text-align: justify;\">Finalmente, Mauricio Rubio, representante de la Municipalidad de Vallenar, expres\u00f3 \u201cpara el Alcalde Cristian Tapia y para el municipio es un hecho de suma importancia la obtenci\u00f3n de estos recursos, que nos permitir\u00e1n desarrollar actividades comunitarias, culturales y deportivas y que van en directo beneficio de la comunidad organizada, juntas de vecinos, clubes deportivos, adultos mayores y la comunidad en general. Solo nos queda agradecer esta iniciativa y reconocer el trabajo del Consejo Regional, el Gobierno Regional y la importancia de la actual gesti\u00f3n que viene orientada desde el Gobierno de nuestra Presidenta, Michelle Bachelet\u201d.<\/p>\n","protected":false},"excerpt":{"rendered":"<p>30 organizaciones sin fines de lucro de la comuna de Vallenar y 15 proyectos municipales se adjudicaron este a\u00f1o m\u00e1s de 290 millones de pesos,&hellip; <\/p>\n","protected":false},"author":2,"featured_media":6674,"comment_status":"open","ping_status":"closed","sticky":false,"template":"","format":"standard","meta":{"footnotes":""},"categories":[2],"tags":[],"class_list":["post-6677","post","type-post","status-publish","format-standard","has-post-thumbnail","hentry","category-vallenar"],"_links":{"self":[{"href":"https:\/\/www.radioamigavallenar.cl\/index.php?rest_route=\/wp\/v2\/posts\/6677","targetHints":{"allow":["GET"]}}],"collection":[{"href":"https:\/\/www.radioamigavallenar.cl\/index.php?rest_route=\/wp\/v2\/posts"}],"about":[{"href":"https:\/\/www.radioamigavallenar.cl\/index.php?rest_route=\/wp\/v2\/types\/post"}],"author":[{"embeddable":true,"href":"https:\/\/www.radioamigavallenar.cl\/index.php?rest_route=\/wp\/v2\/users\/2"}],"replies":[{"embeddable":true,"href":"https:\/\/www.radioamigavallenar.cl\/index.php?rest_route=%2Fwp%2Fv2%2Fcomments&post=6677"}],"version-history":[{"count":0,"href":"https:\/\/www.radioamigavallenar.cl\/index.php?rest_route=\/wp\/v2\/posts\/6677\/revisions"}],"wp:featuredmedia":[{"embeddable":true,"href":"https:\/\/www.radioamigavallenar.cl\/index.php?rest_route=\/wp\/v2\/media\/6674"}],"wp:attachment":[{"href":"https:\/\/www.radioamigavallenar.cl\/index.php?rest_route=%2Fwp%2Fv2%2Fmedia&parent=6677"}],"wp:term":[{"taxonomy":"category","embeddable":true,"href":"https:\/\/www.radioamigavallenar.cl\/index.php?rest_route=%2Fwp%2Fv2%2Fcategories&post=6677"},{"taxonomy":"post_tag","embeddable":true,"href":"https:\/\/www.radioamigavallenar.cl\/index.php?rest_route=%2Fwp%2Fv2%2Ftags&post=6677"}],"curies":[{"name":"wp","href":"https:\/\/api.w.org\/{rel}","templated":true}]}}