{"id":6673,"date":"2017-09-14T12:47:39","date_gmt":"2017-09-14T15:47:39","guid":{"rendered":"http:\/\/www.radioamigavallenar.cl\/?p=6673"},"modified":"2017-09-14T12:47:39","modified_gmt":"2017-09-14T15:47:39","slug":"karatecas-del-team-atacama-viajan-a-marruecos","status":"publish","type":"post","link":"https:\/\/www.radioamigavallenar.cl\/?p=6673","title":{"rendered":"Karatecas del team Atacama viajan a Marruecos"},"content":{"rendered":"<p style=\"text-align: center;\"><a href=\"http:\/\/www.radioamigavallenar.cl\/wp-content\/uploads\/2017\/09\/Viaje-Francisco-y-Valentina.jpg\"><img loading=\"lazy\" decoding=\"async\" class=\"alignnone size-medium wp-image-6675\" src=\"http:\/\/www.radioamigavallenar.cl\/wp-content\/uploads\/2017\/09\/Viaje-Francisco-y-Valentina-300x169.jpg\" alt=\"Viaje Francisco y Valentina\" width=\"300\" height=\"169\" srcset=\"https:\/\/www.radioamigavallenar.cl\/wp-content\/uploads\/2017\/09\/Viaje-Francisco-y-Valentina-300x169.jpg 300w, https:\/\/www.radioamigavallenar.cl\/wp-content\/uploads\/2017\/09\/Viaje-Francisco-y-Valentina.jpg 700w\" sizes=\"auto, (max-width: 300px) 100vw, 300px\" \/><\/a><\/p>\n<p style=\"text-align: justify;\">Cargados de ilusi\u00f3n y con ansias de seguir aprendiendo, partieron este mi\u00e9rcoles rumbo a Marruecos los karatecas copiapinos del Team Atacama que apoya el Gobierno Regional, Valentina Vega Rojas y Francisco Pizarro V\u00e9liz, quienes se dirigen con la selecci\u00f3n nacional de Karate a un Concentrado, donde estar\u00e1n los mejores deportistas del mundo, y a la competencia Open Internacional de FEZ, a realizarse el 23 y 24 de septiembre en este pa\u00eds africano.<\/p>\n<p style=\"text-align: justify;\">En Marruecos se encontrar\u00e1n con los seleccionados adultos de Karate, entre los que est\u00e1 el t\u00e9cnico del Centro de Entrenamiento Regional del Ministerio del Deporte y que ejecuta el IND Atacama, Miguel Soffia, quien tambi\u00e9n es parte del Team Atacama, y que recientemente compiti\u00f3 en la Premier League de Karate realizada en Leipzig, Alemania, sumando puntos para estar dentro de los 50 mejores del mundo y continuar con su proceso clasificatorio a los Juegos Ol\u00edmpicos de Tokio 2020.<\/p>\n<p style=\"text-align: justify;\">El Seremi del Deporte despidi\u00f3 a los deportistas que viajan en compa\u00f1\u00eda del t\u00e9cnico Osvaldo Venegas, se\u00f1alando su orgullo por el nivel alcanzado: \u201cAmbos tienen una trayectoria de excelencia deportiva de a\u00f1os donde han sido claves sus familias, clubes, su esfuerzo personal, el apoyo del Liceo Cat\u00f3lico Atacama, la Beca del Team Atacama del Gobierno Regional y ser parte del Centro de Entrenamiento Regional que les brinda las mejores condiciones de pr\u00e1ctica con un t\u00e9cnico como Miguel Soffia quien sigue vigente como deportista top, por eso estamos seguros que este viaje ser\u00e1 de gran provecho para continuar su exitosa carrera deportiva\u201d.<\/p>\n<p style=\"text-align: justify;\">Francisco Pizarro, quien est\u00e1 clasificado para los Juegos Suramericanos de la Juventud a realizarse en Santiago el 6 y 7 de octubre en el Centro de Alto Rendimiento, se\u00f1al\u00f3 sobre los objetivos del viaje: \u201cVoy buscando tener m\u00e1s roce con pa\u00edses que no sean de Am\u00e9rica, por lo que quiero ver c\u00f3mo me va afuera y hacerlo mejor como me ha ido hasta ahora. Esto me va a ayudar harto para los Juegos Suramericanos y ahora s\u00ed lo voy a ganar, porque perd\u00ed porque no hice lo que deb\u00eda hacer y en estas 2 semanas que voy a estar all\u00e1, voy a usar mis herramientas y mejorar mi capacidad mental y quiz\u00e1s aprender t\u00e9cnicas nuevas\u201d.<\/p>\n<p style=\"text-align: justify;\">Igualmente, Valentina Vega Rojas, indic\u00f3: \u201cEstoy contenta y entusiasmada porque voy a competir con los mejores exponentes del mundo, por lo que voy a ganar roce y experiencia al competir con otras personas de otro nivel\u201d.<\/p>\n","protected":false},"excerpt":{"rendered":"<p>Cargados de ilusi\u00f3n y con ansias de seguir aprendiendo, partieron este mi\u00e9rcoles rumbo a Marruecos los karatecas copiapinos del Team Atacama que apoya el Gobierno&hellip; <\/p>\n","protected":false},"author":2,"featured_media":6675,"comment_status":"open","ping_status":"closed","sticky":false,"template":"","format":"standard","meta":{"footnotes":""},"categories":[8],"tags":[],"class_list":["post-6673","post","type-post","status-publish","format-standard","has-post-thumbnail","hentry","category-deportes"],"_links":{"self":[{"href":"https:\/\/www.radioamigavallenar.cl\/index.php?rest_route=\/wp\/v2\/posts\/6673","targetHints":{"allow":["GET"]}}],"collection":[{"href":"https:\/\/www.radioamigavallenar.cl\/index.php?rest_route=\/wp\/v2\/posts"}],"about":[{"href":"https:\/\/www.radioamigavallenar.cl\/index.php?rest_route=\/wp\/v2\/types\/post"}],"author":[{"embeddable":true,"href":"https:\/\/www.radioamigavallenar.cl\/index.php?rest_route=\/wp\/v2\/users\/2"}],"replies":[{"embeddable":true,"href":"https:\/\/www.radioamigavallenar.cl\/index.php?rest_route=%2Fwp%2Fv2%2Fcomments&post=6673"}],"version-history":[{"count":0,"href":"https:\/\/www.radioamigavallenar.cl\/index.php?rest_route=\/wp\/v2\/posts\/6673\/revisions"}],"wp:featuredmedia":[{"embeddable":true,"href":"https:\/\/www.radioamigavallenar.cl\/index.php?rest_route=\/wp\/v2\/media\/6675"}],"wp:attachment":[{"href":"https:\/\/www.radioamigavallenar.cl\/index.php?rest_route=%2Fwp%2Fv2%2Fmedia&parent=6673"}],"wp:term":[{"taxonomy":"category","embeddable":true,"href":"https:\/\/www.radioamigavallenar.cl\/index.php?rest_route=%2Fwp%2Fv2%2Fcategories&post=6673"},{"taxonomy":"post_tag","embeddable":true,"href":"https:\/\/www.radioamigavallenar.cl\/index.php?rest_route=%2Fwp%2Fv2%2Ftags&post=6673"}],"curies":[{"name":"wp","href":"https:\/\/api.w.org\/{rel}","templated":true}]}}