{"id":6668,"date":"2017-09-14T12:31:09","date_gmt":"2017-09-14T15:31:09","guid":{"rendered":"http:\/\/www.radioamigavallenar.cl\/?p=6668"},"modified":"2017-09-14T12:31:09","modified_gmt":"2017-09-14T15:31:09","slug":"sernatur-atacama-refuerza-llamado-a-cuidar-el-desierto-florido-y-conocer-los-atractivos-regionales","status":"publish","type":"post","link":"https:\/\/www.radioamigavallenar.cl\/?p=6668","title":{"rendered":"Sernatur Atacama refuerza llamado a cuidar el desierto florido y conocer los atractivos regionales"},"content":{"rendered":"<p style=\"text-align: center;\"><a href=\"http:\/\/www.radioamigavallenar.cl\/wp-content\/uploads\/2017\/09\/desierto-1.jpg\"><img loading=\"lazy\" decoding=\"async\" class=\"alignnone size-medium wp-image-6669\" src=\"http:\/\/www.radioamigavallenar.cl\/wp-content\/uploads\/2017\/09\/desierto-1-300x199.jpg\" alt=\"desierto (1)\" width=\"300\" height=\"199\" srcset=\"https:\/\/www.radioamigavallenar.cl\/wp-content\/uploads\/2017\/09\/desierto-1-300x199.jpg 300w, https:\/\/www.radioamigavallenar.cl\/wp-content\/uploads\/2017\/09\/desierto-1.jpg 700w\" sizes=\"auto, (max-width: 300px) 100vw, 300px\" \/><\/a><\/p>\n<p style=\"text-align: justify;\">En momentos en que el desierto florido est\u00e1 en su punto m\u00e1ximo de floraci\u00f3n, son muchos los turistas que llegan hasta la Regi\u00f3n de Atacama para ver c\u00f3mo las llanuras y quebradas del desierto m\u00e1s \u00e1rido del mundo se ti\u00f1en de hermosos colores.<\/p>\n<p style=\"text-align: justify;\">Y es que este fen\u00f3meno de la naturaleza es, sin lugar a dudas, una experiencia imperdible, raz\u00f3n por la cual Sernatur Atacama dio la bienvenida a los turistas en el aeropuerto Desierto de Atacama y entreg\u00f3 recomendaciones a los visitantes nacionales e internacionales que se aprestan a pasar algunos d\u00edas en la regi\u00f3n.<\/p>\n<p style=\"text-align: justify;\">Daniel D\u00edaz, director regional de Sernatur Atacama, detall\u00f3 que \u201cesperamos que lleguen m\u00e1s de 35 mil visitas por el desierto florido a la regi\u00f3n. Es por eso que estamos realizando estas iniciativas, para sensibilizar a la comunidad con respecto al cuidado y la protecci\u00f3n de este fen\u00f3meno, informando cu\u00e1les son las acciones que deber\u00edan tener los turistas, para que finalmente disfruten de una buena experiencia y que, en definitiva, esta experiencia permita resguardar y proteger esto que es tan importante para nosotros\u201d.<\/p>\n<p style=\"text-align: justify;\"><strong>Cuidemos el Desierto Florido<\/strong><\/p>\n<p style=\"text-align: justify;\">En el aeropuerto, Sernatur dispuso de un espacio de autoatenci\u00f3n para los turistas con pantallas t\u00e1ctiles, folleter\u00eda y material audiovisual, en un trabajo conjunto con la Direcci\u00f3n de Aeropuertos del MOP, con la finalidad de motivar la pr\u00e1ctica de un turismo responsable en los destinos de Atacama, considerando la fuerte llegada de turista por motivo de las fiestas patrias.<\/p>\n<p style=\"text-align: justify;\">A partir de este fin de semana, se espera una masiva llegada de turistas a la regi\u00f3n, por lo cual Sernatur y los distintos actores regionales quieren incentivar el cuidado del desierto florido, as\u00ed como tambi\u00e9n entregar informaci\u00f3n de los destinos tur\u00edsticos y la oferta asociada a este atractivo. La idea es hacer del desierto florido la puerta de entrada a un sinn\u00famero de bondades que los viajeros pueden encontrar en la Regi\u00f3n de Atacama.<\/p>\n<p style=\"text-align: justify;\">\u00c1lvaro Navarrete, proveniente de Santiago y uno de los tantos turistas que arribaron hoy a Copiap\u00f3, sostuvo que \u201cbusqu\u00e9 la informaci\u00f3n por internet y por amigos que ya hab\u00edan venido y me decid\u00ed. Hab\u00eda estado antes en Copiap\u00f3, Caldera y otros lugares de la regi\u00f3n, pero es primera vez que vengo a ver el desierto florido\u201d.<\/p>\n<p style=\"text-align: justify;\">Sobre la instalaci\u00f3n de estos puntos de informaci\u00f3n tur\u00edstica, Navarrete destac\u00f3 que \u201cSernatur es indispensable para el viajero, el que quiere turistear y preguntar cualquier tipo de informaci\u00f3n, d\u00f3nde ir, cu\u00e1ndo ir, c\u00f3mo llegar, y conocer las facilidades para llegar a determinados lugares. Encuentro que es una muy buena idea que est\u00e9n aqu\u00ed con un stand, se agradece bastante\u201d.<\/p>\n<p style=\"text-align: justify;\"><strong>Desierto florido: un espect\u00e1culo de categor\u00eda mundial<\/strong><\/p>\n<p style=\"text-align: justify;\">Este a\u00f1o la Regi\u00f3n de Atacama ha sido el foco de atenci\u00f3n tur\u00edstica debido al desierto florido, el m\u00e1s intenso de las \u00faltimas dos d\u00e9cadas. La expectaci\u00f3n tanto nacional como internacional ha atra\u00eddo grandes corrientes de visitantes que llegan a la regi\u00f3n buscando las m\u00e1s de 200 especies de flores que ofrece esta maravilla natural.<\/p>\n<p style=\"text-align: justify;\">A trav\u00e9s de la Comisi\u00f3n de Desierto Florido y gracias a un trabajo conjunto con las instituciones, se han realizado diversas acciones tendientes a promocionar este fen\u00f3meno, propiciando a su vez el cuidado del mismo, y as\u00ed perpetuar este gran atractivo tur\u00edstico para las generaciones futuras.<\/p>\n<p style=\"text-align: justify;\">De acuerdo a las \u00faltimas cifras de ocupaci\u00f3n hotelera luego del feriado Asunci\u00f3n de la Virgen, los destinos de la Regi\u00f3n de Atacama mostraron un aumento del 29% en comparaci\u00f3n al mismo periodo del a\u00f1o anterior. Por su parte, el destino Caldera-Parque Nacional Pan de Az\u00facar tuvo una ocupaci\u00f3n de 59,2%, aumentando en un 17,4%, si lo comparamos con el mismo periodo de 2016.<\/p>\n<p style=\"text-align: center;\"><a href=\"http:\/\/www.radioamigavallenar.cl\/wp-content\/uploads\/2017\/09\/desierto-2.jpg\"><img loading=\"lazy\" decoding=\"async\" class=\"alignnone wp-image-6670 size-full\" src=\"http:\/\/www.radioamigavallenar.cl\/wp-content\/uploads\/2017\/09\/desierto-2.jpg\" alt=\"desierto (2)\" width=\"699\" height=\"700\" srcset=\"https:\/\/www.radioamigavallenar.cl\/wp-content\/uploads\/2017\/09\/desierto-2.jpg 699w, https:\/\/www.radioamigavallenar.cl\/wp-content\/uploads\/2017\/09\/desierto-2-150x150.jpg 150w, https:\/\/www.radioamigavallenar.cl\/wp-content\/uploads\/2017\/09\/desierto-2-300x300.jpg 300w\" sizes=\"auto, (max-width: 699px) 100vw, 699px\" \/><\/a><\/p>\n","protected":false},"excerpt":{"rendered":"<p>En momentos en que el desierto florido est\u00e1 en su punto m\u00e1ximo de floraci\u00f3n, son muchos los turistas que llegan hasta la Regi\u00f3n de Atacama&hellip; <\/p>\n","protected":false},"author":2,"featured_media":6671,"comment_status":"open","ping_status":"closed","sticky":false,"template":"","format":"standard","meta":{"footnotes":""},"categories":[7],"tags":[],"class_list":["post-6668","post","type-post","status-publish","format-standard","has-post-thumbnail","hentry","category-atacama"],"_links":{"self":[{"href":"https:\/\/www.radioamigavallenar.cl\/index.php?rest_route=\/wp\/v2\/posts\/6668","targetHints":{"allow":["GET"]}}],"collection":[{"href":"https:\/\/www.radioamigavallenar.cl\/index.php?rest_route=\/wp\/v2\/posts"}],"about":[{"href":"https:\/\/www.radioamigavallenar.cl\/index.php?rest_route=\/wp\/v2\/types\/post"}],"author":[{"embeddable":true,"href":"https:\/\/www.radioamigavallenar.cl\/index.php?rest_route=\/wp\/v2\/users\/2"}],"replies":[{"embeddable":true,"href":"https:\/\/www.radioamigavallenar.cl\/index.php?rest_route=%2Fwp%2Fv2%2Fcomments&post=6668"}],"version-history":[{"count":0,"href":"https:\/\/www.radioamigavallenar.cl\/index.php?rest_route=\/wp\/v2\/posts\/6668\/revisions"}],"wp:featuredmedia":[{"embeddable":true,"href":"https:\/\/www.radioamigavallenar.cl\/index.php?rest_route=\/wp\/v2\/media\/6671"}],"wp:attachment":[{"href":"https:\/\/www.radioamigavallenar.cl\/index.php?rest_route=%2Fwp%2Fv2%2Fmedia&parent=6668"}],"wp:term":[{"taxonomy":"category","embeddable":true,"href":"https:\/\/www.radioamigavallenar.cl\/index.php?rest_route=%2Fwp%2Fv2%2Fcategories&post=6668"},{"taxonomy":"post_tag","embeddable":true,"href":"https:\/\/www.radioamigavallenar.cl\/index.php?rest_route=%2Fwp%2Fv2%2Ftags&post=6668"}],"curies":[{"name":"wp","href":"https:\/\/api.w.org\/{rel}","templated":true}]}}