{"id":6603,"date":"2017-09-12T11:44:25","date_gmt":"2017-09-12T14:44:25","guid":{"rendered":"http:\/\/www.radioamigavallenar.cl\/?p=6603"},"modified":"2017-09-12T11:44:25","modified_gmt":"2017-09-12T14:44:25","slug":"independiente-de-cauquenes-igualo-sin-goles-con-deportes-vallenar","status":"publish","type":"post","link":"https:\/\/www.radioamigavallenar.cl\/?p=6603","title":{"rendered":"Independiente de Cauquenes igual\u00f3 sin goles con Deportes Vallenar"},"content":{"rendered":"<p style=\"text-align: center;\"><a href=\"http:\/\/www.radioamigavallenar.cl\/wp-content\/uploads\/2017\/09\/Vallenar-Independiente.jpg\"><img loading=\"lazy\" decoding=\"async\" class=\"alignnone size-medium wp-image-6604\" src=\"http:\/\/www.radioamigavallenar.cl\/wp-content\/uploads\/2017\/09\/Vallenar-Independiente-300x199.jpg\" alt=\"Vallenar Independiente\" width=\"300\" height=\"199\" srcset=\"https:\/\/www.radioamigavallenar.cl\/wp-content\/uploads\/2017\/09\/Vallenar-Independiente-300x199.jpg 300w, https:\/\/www.radioamigavallenar.cl\/wp-content\/uploads\/2017\/09\/Vallenar-Independiente.jpg 700w\" sizes=\"auto, (max-width: 300px) 100vw, 300px\" \/><\/a><\/p>\n<p style=\"text-align: justify;\">Independiente de Cauquenes y Deportes Vallenar se midieron por la octava fecha del campeonato Segunda Divisi\u00f3n Transici\u00f3n 2017. Los dragones rojos ven\u00edan de empatar ante Deportes Santa Cruz. Mientras el elenco verde consigui\u00f3 un valioso triunfo ante San Antonio Unido en casa.<\/p>\n<p style=\"text-align: justify;\">En el primer tiempo, el conjunto rojo trat\u00f3 de sorprender la porter\u00eda de Deportes Vallenar con llegadas de Luis Gonz\u00e1lez y Christopher V\u00e1squez, pero sin mucho \u00e9xito. La visita realiz\u00f3 lo propio ante el bloque defensivo de los cauqueninos, lamentablemente corrieron la misma suerte en un compromiso bastante igualado en el Fiscal Manuel Moya.<\/p>\n<p style=\"text-align: justify;\">En el complemento, Independiente sufrir\u00eda una lamentable baja. El defensor rojo Miguel Sald\u00edas ser\u00eda expulsado por el juez H\u00e9ctor Arcos dejando con uno menos al local. Una dura complicaci\u00f3n pero que no fue factor en el resultado, ya que ambas escuadras no se sacaron ventaja e igualaron sin tantos en un apretado partido.<\/p>\n<p style=\"text-align: justify;\">Es as\u00ed como con este resultado, Deportes Vallenar sigue como l\u00edder moment\u00e1neo del torneo Segunda Divisi\u00f3n Transici\u00f3n con 15 unidades a la espera de lo que haga Deportes Santa Cruz. Mientras el elenco de Independiente de Cauquenes suma 9 puntos continuando en la median\u00eda de la tabla de posiciones.<\/p>\n","protected":false},"excerpt":{"rendered":"<p>Independiente de Cauquenes y Deportes Vallenar se midieron por la octava fecha del campeonato Segunda Divisi\u00f3n Transici\u00f3n 2017. Los dragones rojos ven\u00edan de empatar ante&hellip; <\/p>\n","protected":false},"author":2,"featured_media":6604,"comment_status":"open","ping_status":"closed","sticky":false,"template":"","format":"standard","meta":{"footnotes":""},"categories":[8],"tags":[],"class_list":["post-6603","post","type-post","status-publish","format-standard","has-post-thumbnail","hentry","category-deportes"],"_links":{"self":[{"href":"https:\/\/www.radioamigavallenar.cl\/index.php?rest_route=\/wp\/v2\/posts\/6603","targetHints":{"allow":["GET"]}}],"collection":[{"href":"https:\/\/www.radioamigavallenar.cl\/index.php?rest_route=\/wp\/v2\/posts"}],"about":[{"href":"https:\/\/www.radioamigavallenar.cl\/index.php?rest_route=\/wp\/v2\/types\/post"}],"author":[{"embeddable":true,"href":"https:\/\/www.radioamigavallenar.cl\/index.php?rest_route=\/wp\/v2\/users\/2"}],"replies":[{"embeddable":true,"href":"https:\/\/www.radioamigavallenar.cl\/index.php?rest_route=%2Fwp%2Fv2%2Fcomments&post=6603"}],"version-history":[{"count":0,"href":"https:\/\/www.radioamigavallenar.cl\/index.php?rest_route=\/wp\/v2\/posts\/6603\/revisions"}],"wp:featuredmedia":[{"embeddable":true,"href":"https:\/\/www.radioamigavallenar.cl\/index.php?rest_route=\/wp\/v2\/media\/6604"}],"wp:attachment":[{"href":"https:\/\/www.radioamigavallenar.cl\/index.php?rest_route=%2Fwp%2Fv2%2Fmedia&parent=6603"}],"wp:term":[{"taxonomy":"category","embeddable":true,"href":"https:\/\/www.radioamigavallenar.cl\/index.php?rest_route=%2Fwp%2Fv2%2Fcategories&post=6603"},{"taxonomy":"post_tag","embeddable":true,"href":"https:\/\/www.radioamigavallenar.cl\/index.php?rest_route=%2Fwp%2Fv2%2Ftags&post=6603"}],"curies":[{"name":"wp","href":"https:\/\/api.w.org\/{rel}","templated":true}]}}