{"id":6600,"date":"2017-09-12T11:28:41","date_gmt":"2017-09-12T14:28:41","guid":{"rendered":"http:\/\/www.radioamigavallenar.cl\/?p=6600"},"modified":"2017-09-12T11:28:41","modified_gmt":"2017-09-12T14:28:41","slug":"pisco-de-alto-del-carmen-gana-nueva-medalla-de-oro","status":"publish","type":"post","link":"https:\/\/www.radioamigavallenar.cl\/?p=6600","title":{"rendered":"Pisco de Alto del Carmen gana nueva medalla de oro"},"content":{"rendered":"<p style=\"text-align: center;\"><a href=\"http:\/\/www.radioamigavallenar.cl\/wp-content\/uploads\/2017\/09\/Pisco-Bou.jpg\"><img loading=\"lazy\" decoding=\"async\" class=\"alignnone size-medium wp-image-6601\" src=\"http:\/\/www.radioamigavallenar.cl\/wp-content\/uploads\/2017\/09\/Pisco-Bou-300x233.jpg\" alt=\"Pisco Bou\" width=\"300\" height=\"233\" srcset=\"https:\/\/www.radioamigavallenar.cl\/wp-content\/uploads\/2017\/09\/Pisco-Bou-300x233.jpg 300w, https:\/\/www.radioamigavallenar.cl\/wp-content\/uploads\/2017\/09\/Pisco-Bou.jpg 700w\" sizes=\"auto, (max-width: 300px) 100vw, 300px\" \/><\/a><\/p>\n<p style=\"text-align: justify;\">Una de las 18 medallas que gan\u00f3 el pisco chileno en el Spirits Selection by Concours Mondial de Bruxelles que se llev\u00f3 a cabo en la Cuarta Regi\u00f3n, fue para un pisco atacame\u00f1o. Se trata del Cofrad\u00eda, de la vi\u00f1a El Rosario a cargo de la familia Bou Barroeta; destilado de 40 grados, reposado tres a\u00f1os en raul\u00ed y elaborado con uvas moscatel de la zona de San F\u00e9lix, en el valle del Huasco, Provincia de Vallenar.<\/p>\n<p style=\"text-align: justify;\">Para Romanet Bou, representante de la empresa, \u201ceste premio representa un reconocimiento al esfuerzo, dedicaci\u00f3n y continuidad de la tradici\u00f3n familiar. Esta medalla nos motiva a seguir trabajando con el mismo tes\u00f3n que nos inculcara mi padre y nuestro hermano, a quienes dedicamos este premio. Ahora la marca Bou Barroeta se ver\u00e1 engalanada con una medalla de oro\u201d, dice.<\/p>\n<p style=\"text-align: justify;\">El Director Regional de ProChile, Juan Noem\u00ed, agreg\u00f3 que el premio \u201ces un reconocimiento a la calidad de este producto emblem\u00e1tico del valle del Huasco y con el que estamos trabajando en su internacionalizaci\u00f3n. De hecho, Bou Barroeta fue parte de la semana de Atacama en Honduras, pa\u00eds donde nuestro pisco ha tenido muy buena recepci\u00f3n\u201d.<\/p>\n<p style=\"text-align: justify;\">En el certamen realizado en La Serena concursaron cerca de 1.200 etiquetas de 54 pa\u00edses, las que fueron evaluadas por 66 catadores de 22 pa\u00edses incluyendo Chile.<br \/>\nDe acuerdo a m\u00faltiples estudios, ganar una medalla en este concurso se traduce en un aumento cercano al 25% en las ventas. Con respecto a las exportaciones de pisco, al t\u00e9rmino del primer semestre de este a\u00f1o, \u00e9stas superaron los US$1,6 millones, lo que significa un crecimiento del 33% en comparaci\u00f3n a igual per\u00edodo del a\u00f1o 2016.<br \/>\nLa sede del pr\u00f3ximo concurso ser\u00e1 la ciudad b\u00falgara de Plovdiv, entre el 21 y 23 de agosto de 2018.<\/p>\n<p style=\"text-align: justify;\">Entre los p\u00ecscos nacionales distinguidos, se mencionan: Medalla Gran Oro: Mistral Gran Nobel \u2013 Compa\u00f1\u00eda Pisquera de Chile; Medallas de Oro: Alto del Carmen Pisco Reservado de Guarda \u2013 Valle de Elqui \u2013 Machis; Bauz\u00e1 Crystal \u2013 Valle de Limar\u00ed \u2013 Agroproductos Bauz\u00e1; Boubarroeta Cofrad\u00eda \u2013 Sociedad El Rosario Ltda; Heron Pisco \u2013 Valle de Limar\u00ed \u2013 Pisquera Tulehuen SpA; Mistral DO 1931 \u2013 Compa\u00f1\u00eda Pisquera de Chile.<\/p>\n<p style=\"text-align: justify;\">Mistral Nobel \u2013 Compa\u00f1\u00eda Pisquera de Chile; Mal Paso Guarda \u2013 Valle de Limar\u00ed \u2013 Sociedad Agr\u00edcola Hacienda Mal Paso y Compa\u00f1\u00eda Limitada; Mal Paso Transparente \u2013 Valle de Limar\u00ed \u2013 Sociedad Agr\u00edcola Hacienda Mal Paso y Compa\u00f1\u00eda Limitada; Medallas de Plata: Alto del Carmen Pisco Envejecido \u2013 Valle de Elqui \u2013 Machis; Alto del Carmen Pisco Premium \u2013 Valle de Elqui \u2013 Machis; Bauz\u00e1 N\u00b01 \u2013 Valle de Limar\u00ed \u2013 Agroproductos Bauz\u00e1.<\/p>\n<p style=\"text-align: justify;\">Bauz\u00e1 Reservado \u2013 Valle de Limar\u00ed \u2013 Agroproductos Bauz\u00e1; Bitter Araucano Aperitivo \u2013 Digestivo \u2013 Valle del Central (Bitter) \u2013 Virgilio Brusco e hijos; Esp\u00edritu de Los Andes \u2013 Compa\u00f1\u00eda Pisquera de Chile; Mistral 35\u00b0 \u2013 Compa\u00f1\u00eda Pisquera de Chile; Pisco El Gobernador \u2013 Valle de Limar\u00ed \u2013 Sociedad Vin\u00edcola Miguel Torres S.A; Pisco Kappa \u2013 Valle de Elqui \u2013 Domaines Bournet Lapostolle; Waqar Pisco \u2013 Valle de Limar\u00ed \u2013 Pisquera Tulehuen SpA.<\/p>\n","protected":false},"excerpt":{"rendered":"<p>Una de las 18 medallas que gan\u00f3 el pisco chileno en el Spirits Selection by Concours Mondial de Bruxelles que se llev\u00f3 a cabo en&hellip; <\/p>\n","protected":false},"author":2,"featured_media":6601,"comment_status":"open","ping_status":"closed","sticky":false,"template":"","format":"standard","meta":{"footnotes":""},"categories":[5],"tags":[],"class_list":["post-6600","post","type-post","status-publish","format-standard","has-post-thumbnail","hentry","category-alto-del-carmen"],"_links":{"self":[{"href":"https:\/\/www.radioamigavallenar.cl\/index.php?rest_route=\/wp\/v2\/posts\/6600","targetHints":{"allow":["GET"]}}],"collection":[{"href":"https:\/\/www.radioamigavallenar.cl\/index.php?rest_route=\/wp\/v2\/posts"}],"about":[{"href":"https:\/\/www.radioamigavallenar.cl\/index.php?rest_route=\/wp\/v2\/types\/post"}],"author":[{"embeddable":true,"href":"https:\/\/www.radioamigavallenar.cl\/index.php?rest_route=\/wp\/v2\/users\/2"}],"replies":[{"embeddable":true,"href":"https:\/\/www.radioamigavallenar.cl\/index.php?rest_route=%2Fwp%2Fv2%2Fcomments&post=6600"}],"version-history":[{"count":0,"href":"https:\/\/www.radioamigavallenar.cl\/index.php?rest_route=\/wp\/v2\/posts\/6600\/revisions"}],"wp:featuredmedia":[{"embeddable":true,"href":"https:\/\/www.radioamigavallenar.cl\/index.php?rest_route=\/wp\/v2\/media\/6601"}],"wp:attachment":[{"href":"https:\/\/www.radioamigavallenar.cl\/index.php?rest_route=%2Fwp%2Fv2%2Fmedia&parent=6600"}],"wp:term":[{"taxonomy":"category","embeddable":true,"href":"https:\/\/www.radioamigavallenar.cl\/index.php?rest_route=%2Fwp%2Fv2%2Fcategories&post=6600"},{"taxonomy":"post_tag","embeddable":true,"href":"https:\/\/www.radioamigavallenar.cl\/index.php?rest_route=%2Fwp%2Fv2%2Ftags&post=6600"}],"curies":[{"name":"wp","href":"https:\/\/api.w.org\/{rel}","templated":true}]}}