{"id":6593,"date":"2017-09-09T15:00:34","date_gmt":"2017-09-09T18:00:34","guid":{"rendered":"http:\/\/www.radioamigavallenar.cl\/?p=6593"},"modified":"2017-09-09T15:01:50","modified_gmt":"2017-09-09T18:01:50","slug":"declaran-alerta-amarilla-para-atacama-por-nucleo-frio-en-altura","status":"publish","type":"post","link":"https:\/\/www.radioamigavallenar.cl\/?p=6593","title":{"rendered":"Declaran alerta amarilla para Atacama por n\u00facleo fr\u00edo en altura"},"content":{"rendered":"<p style=\"text-align: center;\"><a href=\"http:\/\/www.radioamigavallenar.cl\/wp-content\/uploads\/2017\/09\/lluvias.jpg\"><img loading=\"lazy\" decoding=\"async\" class=\"alignnone size-medium wp-image-6594\" src=\"http:\/\/www.radioamigavallenar.cl\/wp-content\/uploads\/2017\/09\/lluvias-300x225.jpg\" alt=\"M1\" width=\"300\" height=\"225\" srcset=\"https:\/\/www.radioamigavallenar.cl\/wp-content\/uploads\/2017\/09\/lluvias-300x225.jpg 300w, https:\/\/www.radioamigavallenar.cl\/wp-content\/uploads\/2017\/09\/lluvias.jpg 700w\" sizes=\"auto, (max-width: 300px) 100vw, 300px\" \/><\/a><\/p>\n<p style=\"text-align: justify;\">Precipitaciones normales a moderadas se registrar\u00edan durante este fin de semana en las provincias de Huasco, Copiap\u00f3 y Cha\u00f1aral, producto del paso de un n\u00facleo fr\u00edo en altura.<\/p>\n<p style=\"text-align: justify;\">Durante este s\u00e1bado Onemi cancel\u00f3 la Alerta Temprana Preventiva y decret\u00f3 Alerta Amarilla, luego que el Sernageomin evacuara un informe ante eventuales aluviones y desprendimientos de rocas \u00abprincipalmente en las zonas de depresi\u00f3n intermedia y precordillera de la regi\u00f3n de Atacama.<\/p>\n<p style=\"text-align: justify;\">Lo anterior, supone un aumento del riesgo asociado a la variable meteorol\u00f3gica\u00bb, indic\u00f3 Onemi. Hay una isoterma cero estimada entre los 1.700 m.s.n.m. y las precipitaciones en la costa tendr\u00edan una ca\u00edda de 5 a 10 mm, en valles de 5 a 12, precordillera 5 a 10 y cordillera 10 a 20.<\/p>\n<p style=\"text-align: justify;\">Fuente: soycopiapo.cl<\/p>\n","protected":false},"excerpt":{"rendered":"<p>Precipitaciones normales a moderadas se registrar\u00edan durante este fin de semana en las provincias de Huasco, Copiap\u00f3 y Cha\u00f1aral, producto del paso de un n\u00facleo&hellip; <\/p>\n","protected":false},"author":2,"featured_media":6594,"comment_status":"open","ping_status":"closed","sticky":false,"template":"","format":"standard","meta":{"footnotes":""},"categories":[7],"tags":[],"class_list":["post-6593","post","type-post","status-publish","format-standard","has-post-thumbnail","hentry","category-atacama"],"_links":{"self":[{"href":"https:\/\/www.radioamigavallenar.cl\/index.php?rest_route=\/wp\/v2\/posts\/6593","targetHints":{"allow":["GET"]}}],"collection":[{"href":"https:\/\/www.radioamigavallenar.cl\/index.php?rest_route=\/wp\/v2\/posts"}],"about":[{"href":"https:\/\/www.radioamigavallenar.cl\/index.php?rest_route=\/wp\/v2\/types\/post"}],"author":[{"embeddable":true,"href":"https:\/\/www.radioamigavallenar.cl\/index.php?rest_route=\/wp\/v2\/users\/2"}],"replies":[{"embeddable":true,"href":"https:\/\/www.radioamigavallenar.cl\/index.php?rest_route=%2Fwp%2Fv2%2Fcomments&post=6593"}],"version-history":[{"count":0,"href":"https:\/\/www.radioamigavallenar.cl\/index.php?rest_route=\/wp\/v2\/posts\/6593\/revisions"}],"wp:featuredmedia":[{"embeddable":true,"href":"https:\/\/www.radioamigavallenar.cl\/index.php?rest_route=\/wp\/v2\/media\/6594"}],"wp:attachment":[{"href":"https:\/\/www.radioamigavallenar.cl\/index.php?rest_route=%2Fwp%2Fv2%2Fmedia&parent=6593"}],"wp:term":[{"taxonomy":"category","embeddable":true,"href":"https:\/\/www.radioamigavallenar.cl\/index.php?rest_route=%2Fwp%2Fv2%2Fcategories&post=6593"},{"taxonomy":"post_tag","embeddable":true,"href":"https:\/\/www.radioamigavallenar.cl\/index.php?rest_route=%2Fwp%2Fv2%2Ftags&post=6593"}],"curies":[{"name":"wp","href":"https:\/\/api.w.org\/{rel}","templated":true}]}}