{"id":65503,"date":"2023-02-15T00:11:51","date_gmt":"2023-02-15T03:11:51","guid":{"rendered":"https:\/\/www.radioamigavallenar.cl\/?p=65503"},"modified":"2023-02-15T00:11:51","modified_gmt":"2023-02-15T03:11:51","slug":"para-fortalecer-la-democracia-vamos-por-mas-dialogo-entre-la-ciudadania-y-las-instituciones","status":"publish","type":"post","link":"https:\/\/www.radioamigavallenar.cl\/?p=65503","title":{"rendered":"Para fortalecer la democracia vamos por m\u00e1s di\u00e1logo entre la ciudadan\u00eda y las instituciones"},"content":{"rendered":"<p>&nbsp;<\/p>\n<p>Vivimos un contexto mundial donde se cuestiona muchas veces la democracia como forma de organizaci\u00f3n. Y claro, eso pasa cuando se pierde la capacidad de dialogar y escucharnos. Por eso estamos trabajando permanentemente en llevar adelante instancias de conversaci\u00f3n entre la institucionalidad y la ciudadan\u00eda.<\/p>\n<p>&nbsp;<\/p>\n<p>Cuando no nos escuchamos entre s\u00ed, es natural que surja la discordia. Desde el Gobierno del Presidente Gabriel Boric estamos impulsando m\u00e1s espacios como de los Di\u00e1logos Ciudadanos para poder mirarnos a la cara y dialogar. La democracia se fortalece cuando nos sentamos a hablar.<\/p>\n<p>&nbsp;<\/p>\n<p>Por ello, es importante el desarrollo del trabajo de la Direcci\u00f3n de Organizaciones Sociales de la Secretar\u00eda General de Gobierno. Este a\u00f1o ya hemos apoyado e impulsado espacios de conversaci\u00f3n en distintos puntos de la regi\u00f3n, porque no queremos estar aisladas y aislados en oficinas, mientras la ciudadan\u00eda est\u00e1 debatiendo y deliberando sobre lo que quiere para su futuro. Como Gobierno vamos a terreno, nos movilizamos a los territorios.<\/p>\n<p>&nbsp;<\/p>\n<p>La definici\u00f3n de los Di\u00e1logos Ciudadanos es la de ser <em>espacios de encuentro entre la sociedad civil y el Estado en torno a materias de inter\u00e9s p\u00fablica<\/em>. As\u00ed suena un poco fr\u00edo, lo que queremos realmente y lo que percibimos es una animosidad por preguntar, construir y entender c\u00f3mo podemos agilizar y conectar trabajos para desarrollar planes, programas y pol\u00edticas p\u00fablicas que aquejan a las y los habitantes de Atacama.<\/p>\n<p>&nbsp;<\/p>\n<p>Esto tiene un car\u00e1cter nacional, pero aqu\u00ed velamos por los detalles y particularidades de cada territorio. Atacama es una y es varias. Las realidades de la comuna de Caldera o la localidad de Los Loros, son muy distintas entre s\u00ed. As\u00ed tambi\u00e9n dentro de las mismas ciudades encontramos estas variaciones, y por eso pueden ver c\u00f3mo el Gobierno no deja de desplegarse cada semana. Dando la cara para buscar soluciones sin miedo al di\u00e1logo. El Estado es y debe seguir siendo de todas y todos, de ah\u00ed la importancia de la democracia. Por eso, mientras m\u00e1s conversemos, m\u00e1s fortaleceremos una forma de organizaci\u00f3n social que valora y respeta las m\u00faltiples opiniones.<\/p>\n<p>Por Sof\u00eda Vargas Roberts, Seremi de Gobierno de Atacama<\/p>\n","protected":false},"excerpt":{"rendered":"<p>&nbsp; Vivimos un contexto mundial donde se cuestiona muchas veces la democracia como forma de organizaci\u00f3n. Y claro, eso pasa cuando se pierde la capacidad&hellip; <\/p>\n","protected":false},"author":2,"featured_media":65504,"comment_status":"open","ping_status":"closed","sticky":false,"template":"","format":"standard","meta":{"footnotes":""},"categories":[7],"tags":[],"class_list":["post-65503","post","type-post","status-publish","format-standard","has-post-thumbnail","hentry","category-atacama"],"_links":{"self":[{"href":"https:\/\/www.radioamigavallenar.cl\/index.php?rest_route=\/wp\/v2\/posts\/65503","targetHints":{"allow":["GET"]}}],"collection":[{"href":"https:\/\/www.radioamigavallenar.cl\/index.php?rest_route=\/wp\/v2\/posts"}],"about":[{"href":"https:\/\/www.radioamigavallenar.cl\/index.php?rest_route=\/wp\/v2\/types\/post"}],"author":[{"embeddable":true,"href":"https:\/\/www.radioamigavallenar.cl\/index.php?rest_route=\/wp\/v2\/users\/2"}],"replies":[{"embeddable":true,"href":"https:\/\/www.radioamigavallenar.cl\/index.php?rest_route=%2Fwp%2Fv2%2Fcomments&post=65503"}],"version-history":[{"count":1,"href":"https:\/\/www.radioamigavallenar.cl\/index.php?rest_route=\/wp\/v2\/posts\/65503\/revisions"}],"predecessor-version":[{"id":65505,"href":"https:\/\/www.radioamigavallenar.cl\/index.php?rest_route=\/wp\/v2\/posts\/65503\/revisions\/65505"}],"wp:featuredmedia":[{"embeddable":true,"href":"https:\/\/www.radioamigavallenar.cl\/index.php?rest_route=\/wp\/v2\/media\/65504"}],"wp:attachment":[{"href":"https:\/\/www.radioamigavallenar.cl\/index.php?rest_route=%2Fwp%2Fv2%2Fmedia&parent=65503"}],"wp:term":[{"taxonomy":"category","embeddable":true,"href":"https:\/\/www.radioamigavallenar.cl\/index.php?rest_route=%2Fwp%2Fv2%2Fcategories&post=65503"},{"taxonomy":"post_tag","embeddable":true,"href":"https:\/\/www.radioamigavallenar.cl\/index.php?rest_route=%2Fwp%2Fv2%2Ftags&post=65503"}],"curies":[{"name":"wp","href":"https:\/\/api.w.org\/{rel}","templated":true}]}}