{"id":64815,"date":"2023-01-25T11:23:09","date_gmt":"2023-01-25T14:23:09","guid":{"rendered":"https:\/\/www.radioamigavallenar.cl\/?p=64815"},"modified":"2023-01-25T11:23:10","modified_gmt":"2023-01-25T14:23:10","slug":"vallejo-y-polemica-con-argentina-por-audio-relaciones-diplomaticas-estan-en-perfectas-condiciones","status":"publish","type":"post","link":"https:\/\/www.radioamigavallenar.cl\/?p=64815","title":{"rendered":"Vallejo y pol\u00e9mica con Argentina por audio: \u00abRelaciones diplom\u00e1ticas est\u00e1n en perfectas condiciones\u00bb"},"content":{"rendered":"<div class=\"post-excerpt\">\n<p>En el registro, de seis minutos, se dice que el embajador Rafael Bielsa hace lo que quiere. De todos modos, para la vocera, \u00ablo importante es seguir cuidando las relaciones diplom\u00e1ticas y ellas est\u00e1n en perfectas condiciones\u00bb.<\/p>\n<\/div>\n<div class=\"banners-contenido-nota-5541970\">\n<p>La ma\u00f1ana de este mi\u00e9rcoles la ministra\u00a0<strong>vocera Camila Vallejo<\/strong>\u00a0volvi\u00f3 a remarcar la postura del Gobierno en torno a la pol\u00e9mica causada ayer por un error de la Canciller\u00eda: que las\u00a0<strong>relaciones diplom\u00e1ticas con Argentina est\u00e1n bien<\/strong>.<\/p>\n<p>La portavoz fue consultada en una pauta de Educaci\u00f3n por c\u00f3mo se sigue trabajando con el embajador Rafael Bielsa ahora que sabe lo que se piensa de \u00e9l, si le van a pedir disculpas o si va a renunciar la ministra.<\/p>\n<p>Vallejo opt\u00f3 por decir: \u201cbueno, lo ha se\u00f1alado la misma canciller (\u2026) que nuestras relaciones diplom\u00e1ticas est\u00e1n en perfectas condiciones. Tenemos hist\u00f3ricas y buenas relaciones con Argentina, se mantienen y as\u00ed lo ha se\u00f1alado el presidente (Alberto Fern\u00e1ndez). Estas relaciones se mantendr\u00e1n, porque son parte fundamental de nuestra pol\u00edtica exterior\u201d.<\/p>\n<p><strong>\u201cDesde la jefatura de prensa de la Canciller\u00eda se comparti\u00f3 un archivo de audio por equivocaci\u00f3n<\/strong>. Eso tuvo consecuencias, la\u00a0renuncia inmediata de la jefa de prensa. Lo importante es seguir cuidando las relaciones diplom\u00e1ticas y ellas est\u00e1n en perfectas condiciones\u201d, agreg\u00f3.<\/p>\n<p>Y ante la\u00a0ola de cr\u00edticas oficialistas,\u00a0lideradas por el senador Jaime Quintana\u00a0(PPD), a quien consideran un \u201camurrado\u201d en ese ministerio, Vallejo las catalog\u00f3 como \u201cleg\u00edtimas en el \u00e1mbito de la pol\u00edtica\u201d.<\/p>\n<p>\u201cInsisto, esta es\u00a0<strong>una conversaci\u00f3n que se da en un espacio de trabajo, de car\u00e1cter privada<\/strong>, y no pone en cuesti\u00f3n las relaciones que tenemos ni el compromiso que ha sostenido Chile y nuestro gobierno en multilateralismo y el resguardo de los intereses de nuestra naci\u00f3n\u201d, complement\u00f3.<\/p>\n<h2 style=\"text-align: center;\">Acusaci\u00f3n contra R\u00edos<\/h2>\n<p>Vallejo tambi\u00e9n fue consultada por la\u00a0<strong>acusaci\u00f3n constitucional<\/strong>\u00a0que la tarde de este mi\u00e9rcoles vota la C\u00e1mara de Diputados contra la exministra de Justicia,\u00a0<strong>Marcela R\u00edos<\/strong>, por otra pol\u00e9mica enfrentada por el Gobierno, la de los indultos a delincuentes con amplio prontuario, previo al estallido.<\/p>\n<p>En la pauta se le pregunt\u00f3 si ha habido coordinaci\u00f3n desde el Gobierno para ordenar a sus huestes y Vallejo respondi\u00f3 que s\u00ed, que justamente esa labor recae en la ministra Segpres, Ana Lya Uriarte.<\/p>\n<div class=\"lee-tambien-bbcl\">\n<div class=\"lee-tambien-caja\"><\/div>\n<\/div>\n<p><strong>\u201cLa exministra no est\u00e1 sola, la estamos acompa\u00f1ando. Nuestro gobierno tiene una posici\u00f3n pol\u00edtica en esa materia\u201d<\/strong>, sostuvo.<\/p>\n<p>\u201cTenemos plena convicci\u00f3n que esta acusaci\u00f3n tiene que rechazarse por carecer de m\u00e9rito y eso ha sido parte de la conversaci\u00f3n con los parlamentarios tambi\u00e9n\u201d, concluy\u00f3.<\/p>\n<p>Junto a eso, Vallejo asegur\u00f3 que por tener que votar esto no se podr\u00e1 discutir en Sala la reforma tributaria, por lo que critic\u00f3 haber tenido que enfrentar dos libelos en menos de una semana, alterando el calendario legislativo.<\/p>\n<\/div>\n","protected":false},"excerpt":{"rendered":"<p>En el registro, de seis minutos, se dice que el embajador Rafael Bielsa hace lo que quiere. De todos modos, para la vocera, \u00ablo importante&hellip; <\/p>\n","protected":false},"author":2,"featured_media":0,"comment_status":"open","ping_status":"closed","sticky":false,"template":"","format":"standard","meta":{"footnotes":""},"categories":[37],"tags":[],"class_list":["post-64815","post","type-post","status-publish","format-standard","hentry","category-nacional"],"_links":{"self":[{"href":"https:\/\/www.radioamigavallenar.cl\/index.php?rest_route=\/wp\/v2\/posts\/64815","targetHints":{"allow":["GET"]}}],"collection":[{"href":"https:\/\/www.radioamigavallenar.cl\/index.php?rest_route=\/wp\/v2\/posts"}],"about":[{"href":"https:\/\/www.radioamigavallenar.cl\/index.php?rest_route=\/wp\/v2\/types\/post"}],"author":[{"embeddable":true,"href":"https:\/\/www.radioamigavallenar.cl\/index.php?rest_route=\/wp\/v2\/users\/2"}],"replies":[{"embeddable":true,"href":"https:\/\/www.radioamigavallenar.cl\/index.php?rest_route=%2Fwp%2Fv2%2Fcomments&post=64815"}],"version-history":[{"count":1,"href":"https:\/\/www.radioamigavallenar.cl\/index.php?rest_route=\/wp\/v2\/posts\/64815\/revisions"}],"predecessor-version":[{"id":64817,"href":"https:\/\/www.radioamigavallenar.cl\/index.php?rest_route=\/wp\/v2\/posts\/64815\/revisions\/64817"}],"wp:attachment":[{"href":"https:\/\/www.radioamigavallenar.cl\/index.php?rest_route=%2Fwp%2Fv2%2Fmedia&parent=64815"}],"wp:term":[{"taxonomy":"category","embeddable":true,"href":"https:\/\/www.radioamigavallenar.cl\/index.php?rest_route=%2Fwp%2Fv2%2Fcategories&post=64815"},{"taxonomy":"post_tag","embeddable":true,"href":"https:\/\/www.radioamigavallenar.cl\/index.php?rest_route=%2Fwp%2Fv2%2Ftags&post=64815"}],"curies":[{"name":"wp","href":"https:\/\/api.w.org\/{rel}","templated":true}]}}