{"id":6441,"date":"2017-09-01T08:28:35","date_gmt":"2017-09-01T11:28:35","guid":{"rendered":"http:\/\/www.radioamigavallenar.cl\/?p=6441"},"modified":"2017-09-01T08:28:35","modified_gmt":"2017-09-01T11:28:35","slug":"miguel-vargas-vuelve-al-gobierno-como-coordinador-regional-de-recursos-hidricos","status":"publish","type":"post","link":"https:\/\/www.radioamigavallenar.cl\/?p=6441","title":{"rendered":"Miguel Vargas vuelve al Gobierno como Coordinador Regional de Recursos H\u00eddricos"},"content":{"rendered":"<p style=\"text-align: center;\"><a href=\"http:\/\/www.radioamigavallenar.cl\/wp-content\/uploads\/2016\/05\/Intendente-Denuncia-Seguro-1.jpg\"><img loading=\"lazy\" decoding=\"async\" class=\"alignnone size-medium wp-image-546\" src=\"http:\/\/www.radioamigavallenar.cl\/wp-content\/uploads\/2016\/05\/Intendente-Denuncia-Seguro-1-300x211.jpg\" alt=\"Intendente Denuncia Seguro 1\" width=\"300\" height=\"211\" srcset=\"https:\/\/www.radioamigavallenar.cl\/wp-content\/uploads\/2016\/05\/Intendente-Denuncia-Seguro-1-300x211.jpg 300w, https:\/\/www.radioamigavallenar.cl\/wp-content\/uploads\/2016\/05\/Intendente-Denuncia-Seguro-1.jpg 700w\" sizes=\"auto, (max-width: 300px) 100vw, 300px\" \/><\/a><\/p>\n<p style=\"text-align: justify;\">A partir de este 1 de septiembre\u00a0<strong>Miguel Vargas Correa<\/strong>, exintendente de la regi\u00f3n de Atacama vuelve a cumplir funciones al interior del Gobierno, esta vez como\u00a0<strong>Coordinador Regional de Recursos H\u00eddricos<\/strong>, dependiente de la Subsecretar\u00eda del Interior.<\/p>\n<p style=\"text-align: justify;\">Vargas coment\u00f3 que su labor al respecto es muy espec\u00edfica, pero a la vez estrat\u00e9gica, donde se deber\u00e1n coordinar tres \u00e1mbitos de importancia, como es \u201ctrabajar coordinadamente con la Superintendencia de Servicios Sanitarios, en la idea supervigilar el plan de inversiones propuesto por la empresa sanitaria para los a\u00f1os 2017 \u2013 2018 y se pueda materializar y eso pueda implicar una mejor\u00eda en el servicio de agua potable, en la regi\u00f3n de Atacama, particularmente en la provincia de Copiap\u00f3.<\/p>\n<p style=\"text-align: justify;\">En segundo lugar tambi\u00e9n es importante el trabajo que se ha venido realizando con algunas empresas mineras, en la idea de posibilitar que agua desalada pueda suministrarse a las redes de distribuci\u00f3n.<\/p>\n<p style=\"text-align: justify;\">Y un tercer aspecto es garantizar que efectivamente se ponga en marcha la construcci\u00f3n de la planta desalinizadora en la regi\u00f3n de Atacama\u201d, dijo Vargas Correa.<\/p>\n<p style=\"text-align: justify;\">\n","protected":false},"excerpt":{"rendered":"<p>A partir de este 1 de septiembre\u00a0Miguel Vargas Correa, exintendente de la regi\u00f3n de Atacama vuelve a cumplir funciones al interior del Gobierno, esta vez&hellip; <\/p>\n","protected":false},"author":2,"featured_media":546,"comment_status":"open","ping_status":"closed","sticky":false,"template":"","format":"standard","meta":{"footnotes":""},"categories":[7],"tags":[],"class_list":["post-6441","post","type-post","status-publish","format-standard","has-post-thumbnail","hentry","category-atacama"],"_links":{"self":[{"href":"https:\/\/www.radioamigavallenar.cl\/index.php?rest_route=\/wp\/v2\/posts\/6441","targetHints":{"allow":["GET"]}}],"collection":[{"href":"https:\/\/www.radioamigavallenar.cl\/index.php?rest_route=\/wp\/v2\/posts"}],"about":[{"href":"https:\/\/www.radioamigavallenar.cl\/index.php?rest_route=\/wp\/v2\/types\/post"}],"author":[{"embeddable":true,"href":"https:\/\/www.radioamigavallenar.cl\/index.php?rest_route=\/wp\/v2\/users\/2"}],"replies":[{"embeddable":true,"href":"https:\/\/www.radioamigavallenar.cl\/index.php?rest_route=%2Fwp%2Fv2%2Fcomments&post=6441"}],"version-history":[{"count":0,"href":"https:\/\/www.radioamigavallenar.cl\/index.php?rest_route=\/wp\/v2\/posts\/6441\/revisions"}],"wp:featuredmedia":[{"embeddable":true,"href":"https:\/\/www.radioamigavallenar.cl\/index.php?rest_route=\/wp\/v2\/media\/546"}],"wp:attachment":[{"href":"https:\/\/www.radioamigavallenar.cl\/index.php?rest_route=%2Fwp%2Fv2%2Fmedia&parent=6441"}],"wp:term":[{"taxonomy":"category","embeddable":true,"href":"https:\/\/www.radioamigavallenar.cl\/index.php?rest_route=%2Fwp%2Fv2%2Fcategories&post=6441"},{"taxonomy":"post_tag","embeddable":true,"href":"https:\/\/www.radioamigavallenar.cl\/index.php?rest_route=%2Fwp%2Fv2%2Ftags&post=6441"}],"curies":[{"name":"wp","href":"https:\/\/api.w.org\/{rel}","templated":true}]}}