{"id":6437,"date":"2017-09-01T08:26:26","date_gmt":"2017-09-01T11:26:26","guid":{"rendered":"http:\/\/www.radioamigavallenar.cl\/?p=6437"},"modified":"2017-09-01T08:26:26","modified_gmt":"2017-09-01T11:26:26","slug":"diputada-yasna-provoste-entrega-apoyo-a-comunidad-de-hacienda-atacama","status":"publish","type":"post","link":"https:\/\/www.radioamigavallenar.cl\/?p=6437","title":{"rendered":"Diputada Yasna Provoste entrega apoyo a comunidad de Hacienda Atacama"},"content":{"rendered":"<p style=\"text-align: center;\"><a href=\"http:\/\/www.radioamigavallenar.cl\/wp-content\/uploads\/2017\/09\/Provoste.jpg\"><img loading=\"lazy\" decoding=\"async\" class=\"alignnone size-medium wp-image-6438\" src=\"http:\/\/www.radioamigavallenar.cl\/wp-content\/uploads\/2017\/09\/Provoste-300x201.jpg\" alt=\"Provoste\" width=\"300\" height=\"201\" srcset=\"https:\/\/www.radioamigavallenar.cl\/wp-content\/uploads\/2017\/09\/Provoste-300x201.jpg 300w, https:\/\/www.radioamigavallenar.cl\/wp-content\/uploads\/2017\/09\/Provoste.jpg 700w\" sizes=\"auto, (max-width: 300px) 100vw, 300px\" \/><\/a><\/p>\n<p style=\"text-align: justify;\"><span style=\"color: #000000; font-family: Calibri; font-size: medium;\">Tras la celebraci\u00f3n de los 50 a\u00f1os de la Reforma Agraria en la Hacienda Atacama, en Freirina, la diputada Yasna Provoste comprometi\u00f3 acompa\u00f1ar a los agricultores en el camino legal de regularizar la situaci\u00f3n de los bienes de uso com\u00fan, promesa que se cumpli\u00f3 con la visita y asistencia del Centro de Democracia y Comunidad (CDC), quienes se reunieron con la comunidad.<\/span><\/p>\n<p style=\"text-align: justify;\"><span style=\"color: #000000; font-family: Calibri; font-size: medium;\">\u00abDesde nuestra oficina parlamentaria hemos entregado todo el apoyo a nuestros vecinos, vecinas y agricultores de Hacienda Atacama para establecer un programa de trabajo que permita dar un sentido social y comunitario a los bienes de uso com\u00fan como la sede social y la cancha de f\u00fatbol\u00bb, explic\u00f3 la parlamentaria de Atacama Yasna Provoste.<\/span><\/p>\n<p style=\"text-align: justify;\"><span style=\"color: #000000; font-family: Calibri; font-size: medium;\">\u00abEste fue un compromiso que sostuvimos con la comunidad el mismo d\u00eda en que conmemoramos los 50 a\u00f1os de la Reforma Agraria y hoy estamos dando cumplimiento a ese compromiso\u00bb, agreg\u00f3.<\/span><\/p>\n<p style=\"text-align: justify;\"><span style=\"color: #000000; font-family: Calibri; font-size: medium;\">Eduardo Villavicencio, abogado del Centro de Democracia y Comunidad (CDC), se\u00f1al\u00f3 que \u00abpudimos conocer una de las principales demandas que tiene la comunidad respecto de ciertos bienes comunes especiales que quedaron producto de las parcelaciones que se hicieron el a\u00f1o 78 por medio de la Reforma Agraria\u00bb.<\/span><\/p>\n<p style=\"text-align: justify;\"><span style=\"color: #000000; font-family: Calibri; font-size: medium;\">En el mismo contexto Villavicencio agreg\u00f3 que \u00abuna de las principales dificultades que tienen ellos es poder saber c\u00f3mo se les puede dar un destino distinto a los bienes comunes que existe en Hacienda Atacama, principalmente, la sede comunal la cancha de f\u00fatbol y otros que son terrenos bald\u00edos que ellos tienen la intenci\u00f3n de resarcir el perjuicio que se gener\u00f3 al no ingresar repartici\u00f3n de tierras a algunos dirigentes producto de motivaciones pol\u00edticas que exist\u00edan el a\u00f1o 78, en t\u00e9rminos de persecuciones pol\u00edticas derechamente a dirigentes que participaban en el proceso de la Reforma Agraria de Eduardo Frei Montalva en adelante\u00bb.<\/span><\/p>\n<p style=\"text-align: justify;\"><span style=\"color: #000000; font-family: Calibri; font-size: medium;\">Respecto al futuro de los terrenos y los pasos legales a seguir, el abogado de la CDC destac\u00f3 que \u00abel balance es positivo, y estamos a la espera del certificado que va a emitir el Servicio Agr\u00edcola y Ganadero (SAG) entorno a saber qui\u00e9nes y en proporci\u00f3n son due\u00f1os hoy d\u00eda de esta comunidad, para as\u00ed poder desarrollar el procedimiento que est\u00e1 establecido en la ley del a\u00f1o 95 que habla y espec\u00edfica las medidas que se deben tomar judicialmente para la enajenaci\u00f3n de estos bienes de car\u00e1cter especial\u00bb, dijo Villavicencio.<\/span><\/p>\n<p style=\"text-align: justify;\"><span style=\"color: #000000; font-family: Calibri; font-size: medium;\">Hugo Ramos, dirigente y vecino de Hacienda Atacama, valor\u00f3 la iniciativa y apoyo de la diputada Provoste destacando la importancia que tiene el hecho para la comunidad.<\/span><\/p>\n<p style=\"text-align: justify;\"><span style=\"color: #000000; font-family: Calibri; font-size: medium;\">\u00abComo vecino me voy muy optimista, creo que fue una muy buena reuni\u00f3n, muy constructiva, ya que gracias a las gestiones de la diputada Provoste nos quedan las cosas claras respecto de lo que c\u00f3mo comunidad queremos conseguir, que los espacio p\u00fablicos tengan un fin y que las personas que quedaron excluidas y que les aplicaron el art\u00edculo 208 de la Reforma Agraria puedan verse retribuidas, adem\u00e1s de implementar un proyecto productivo\u00bb.\u00a0<\/span><\/p>\n","protected":false},"excerpt":{"rendered":"<p>Tras la celebraci\u00f3n de los 50 a\u00f1os de la Reforma Agraria en la Hacienda Atacama, en Freirina, la diputada Yasna Provoste comprometi\u00f3 acompa\u00f1ar a los&hellip; <\/p>\n","protected":false},"author":2,"featured_media":6438,"comment_status":"open","ping_status":"closed","sticky":false,"template":"","format":"standard","meta":{"footnotes":""},"categories":[7],"tags":[],"class_list":["post-6437","post","type-post","status-publish","format-standard","has-post-thumbnail","hentry","category-atacama"],"_links":{"self":[{"href":"https:\/\/www.radioamigavallenar.cl\/index.php?rest_route=\/wp\/v2\/posts\/6437","targetHints":{"allow":["GET"]}}],"collection":[{"href":"https:\/\/www.radioamigavallenar.cl\/index.php?rest_route=\/wp\/v2\/posts"}],"about":[{"href":"https:\/\/www.radioamigavallenar.cl\/index.php?rest_route=\/wp\/v2\/types\/post"}],"author":[{"embeddable":true,"href":"https:\/\/www.radioamigavallenar.cl\/index.php?rest_route=\/wp\/v2\/users\/2"}],"replies":[{"embeddable":true,"href":"https:\/\/www.radioamigavallenar.cl\/index.php?rest_route=%2Fwp%2Fv2%2Fcomments&post=6437"}],"version-history":[{"count":0,"href":"https:\/\/www.radioamigavallenar.cl\/index.php?rest_route=\/wp\/v2\/posts\/6437\/revisions"}],"wp:featuredmedia":[{"embeddable":true,"href":"https:\/\/www.radioamigavallenar.cl\/index.php?rest_route=\/wp\/v2\/media\/6438"}],"wp:attachment":[{"href":"https:\/\/www.radioamigavallenar.cl\/index.php?rest_route=%2Fwp%2Fv2%2Fmedia&parent=6437"}],"wp:term":[{"taxonomy":"category","embeddable":true,"href":"https:\/\/www.radioamigavallenar.cl\/index.php?rest_route=%2Fwp%2Fv2%2Fcategories&post=6437"},{"taxonomy":"post_tag","embeddable":true,"href":"https:\/\/www.radioamigavallenar.cl\/index.php?rest_route=%2Fwp%2Fv2%2Ftags&post=6437"}],"curies":[{"name":"wp","href":"https:\/\/api.w.org\/{rel}","templated":true}]}}