{"id":631,"date":"2016-05-19T12:33:21","date_gmt":"2016-05-19T15:33:21","guid":{"rendered":"http:\/\/www.radioamigavallenar.cl\/?p=631"},"modified":"2016-05-19T12:33:21","modified_gmt":"2016-05-19T15:33:21","slug":"audios-perdida-de-audicion-a-causa-de-ruidos-en-el-trabajo-es-la-enfermedad-laboral-mas-recurrente-en-atacama","status":"publish","type":"post","link":"https:\/\/www.radioamigavallenar.cl\/?p=631","title":{"rendered":"(AUDIOS) P\u00e9rdida de audici\u00f3n a causa de ruidos en el trabajo es la enfermedad laboral m\u00e1s recurrente en Atacama"},"content":{"rendered":"<p style=\"text-align: justify;\"><a href=\"http:\/\/www.radioamigavallenar.cl\/wp-content\/uploads\/2016\/05\/hipoacusia.jpg\"><img loading=\"lazy\" decoding=\"async\" class=\" size-medium wp-image-634 aligncenter\" src=\"http:\/\/www.radioamigavallenar.cl\/wp-content\/uploads\/2016\/05\/hipoacusia-300x200.jpg\" alt=\"hipoacusia\" width=\"300\" height=\"200\" srcset=\"https:\/\/www.radioamigavallenar.cl\/wp-content\/uploads\/2016\/05\/hipoacusia-300x200.jpg 300w, https:\/\/www.radioamigavallenar.cl\/wp-content\/uploads\/2016\/05\/hipoacusia.jpg 700w\" sizes=\"auto, (max-width: 300px) 100vw, 300px\" \/><\/a><\/p>\n<p style=\"text-align: justify;\">La p\u00e9rdida de audici\u00f3n a causa del trabajo o Hipoacusia ocupacional es la primera causa de enfermedad laboral en la regi\u00f3n de Atacama. Durante estos \u00faltimos 5 a\u00f1os, la Comisi\u00f3n de Medicina preventiva e Invalidez (COMPIN) de la Seremi de Salud regional ha realizado 313 evaluaciones de personas con probabilidades de padecer dicho problema, de ellas 267 fueron confirmadas con hipoacusia laboral.<\/p>\n<p style=\"text-align: justify;\">A pesar de que es una enfermedad prevenible, los mismos trabajadores son quienes deben exigir condiciones adecuadas laborales. Por esta raz\u00f3n, la Seremi de Salud de Atacama, est\u00e1 realizando en Copiap\u00f3 un \u201cCurso de Formaci\u00f3n de Trabajadores Monitores en Ruido Ocupacional\u201d que incluye a 50 personas que se desempe\u00f1an en rubros y empresas con exposici\u00f3n a ruidos.<\/p>\n<p style=\"text-align: justify;\">Brunilda Gonz\u00e1lez \u00c1njel, Seremi de Salud de Atacama expres\u00f3 que \u201cComo Ministerio de Salud y como Gobierno de Chile lo que hemos hecho en estos \u00faltimos a\u00f1os es entregar empoderamiento y herramientas s\u00f3lidas a los trabajadores con objeto de que ellos sean parte de un sistema que debe garantizar la protecci\u00f3n de la salud de los trabajadores. A nivel mundial en la \u00faltima d\u00e9cada hemos pasado de 120 millones de personas que sufr\u00edan hipoacusia laboral a 250 millones en 2004\u201d.<\/p>\n<audio class=\"wp-audio-shortcode\" id=\"audio-631-1\" preload=\"none\" style=\"width: 100%;\" controls=\"controls\"><source type=\"audio\/mpeg\" src=\"http:\/\/www.radioamigavallenar.cl\/wp-content\/uploads\/2016\/05\/seremi-Brunilda-Gonz\u00e1lez-.mp3?_=1\" \/><a href=\"http:\/\/www.radioamigavallenar.cl\/wp-content\/uploads\/2016\/05\/seremi-Brunilda-Gonz\u00e1lez-.mp3\">http:\/\/www.radioamigavallenar.cl\/wp-content\/uploads\/2016\/05\/seremi-Brunilda-Gonz\u00e1lez-.mp3<\/a><\/audio>\n<p style=\"text-align: justify;\">Esta capacitaci\u00f3n se extender\u00e1 por 3 d\u00edas y est\u00e1 siendo ejecutado por profesionales del Instituto de Salud P\u00fablica, quienes entregar\u00e1n conocimientos relevantes en esta materia, los que permitir\u00e1n mejorar la gesti\u00f3n de los riesgos laborales. En este sentido, Hugo Torres, Jefe de la Unidad de Salud Ocupacional de la Seremi de Salud, se\u00f1al\u00f3 que \u201cEl objetivo es que ellos mismos puedan protegerse de este agente higi\u00e9nico y contribuyan a mejorar las condiciones dentro de su empresa y ense\u00f1en a sus compa\u00f1eros de trabajo los conocimientos que puedan adquirir en esta capacitaci\u00f3n\u201d.<\/p>\n<audio class=\"wp-audio-shortcode\" id=\"audio-631-2\" preload=\"none\" style=\"width: 100%;\" controls=\"controls\"><source type=\"audio\/mpeg\" src=\"http:\/\/www.radioamigavallenar.cl\/wp-content\/uploads\/2016\/05\/Brunilda-Gonz\u00e1lez.mp3?_=2\" \/><a href=\"http:\/\/www.radioamigavallenar.cl\/wp-content\/uploads\/2016\/05\/Brunilda-Gonz\u00e1lez.mp3\">http:\/\/www.radioamigavallenar.cl\/wp-content\/uploads\/2016\/05\/Brunilda-Gonz\u00e1lez.mp3<\/a><\/audio>\n<p style=\"text-align: justify;\">La p\u00e9rdida auditiva inducida por ruido afecta principalmente la capacidad del individuo para interactuar tanto en el trabajo como socialmente, impactando directamente en su calidad de vida, ya que, induce dificultades permanentes en la comunicaci\u00f3n, en las relaciones interpersonales, provocando aislamiento social. Agravando a\u00fan m\u00e1s la situaci\u00f3n, sobre el 20% de los afectados sufren tinnitus, lo que aumenta su problema de hipoacusia.<\/p>\n<p style=\"text-align: justify;\"><strong>Medidas de Control:<\/strong><\/p>\n<p style=\"text-align: justify;\">Para evitar la hipoacusia en los trabajadores se debe prevenir, evaluar, controlar y vigilar los da\u00f1os que eventuales ruidos pudieran ocasionar en los lugares de trabajo. Existe un Protocolo de Exposici\u00f3n Ocupacional a Ruido (PREXOR) que debe ser aplicado como medida de control.<\/p>\n<p style=\"text-align: justify;\">La implementaci\u00f3n de medidas administrativas como la rotaci\u00f3n de puesto de trabajo,\u00a0 medidas ingenieriles como aislar la fuente generadora de ruido y el uso de protecci\u00f3n auditiva posterior a un estudio de idoneidad de elementos de protecci\u00f3n personal, son esenciales para que dicho agente no afecte el diario vivir de los trabajadores, es por ello que cada entidad debe capacitar a sus trabajadores sobre las medidas de control del ruido que se han de implementar, los efectos que tiene el ruido en la salud y en el uso correcto del protector auditivo.<\/p>\n<p style=\"text-align: justify;\"><strong>Definici\u00f3n de Hipoacusia sensorioneural laboral (HSNL):<\/strong> Es la hipoacusia sensorioneural producida por la exposici\u00f3n ocupacional prolongada a niveles de ruido que generan un trauma ac\u00fastico cr\u00f3nico con compromiso predominantemente sensorial por lesi\u00f3n de las c\u00e9lulas ciliadas externas, tambi\u00e9n se ha encontrado a nivel de c\u00e9lulas ciliadas internas y en las fibras del nervio auditivo, alteraciones en mucha menor proporci\u00f3n (CIE10: H83.3, H90.3-H90.4, H90.5).<\/p>\n<p style=\"text-align: justify;\"><em><strong><span style=\"text-decoration: underline;\">Datos de casos de hipoacusia en Atacama por provincias:<\/span><\/strong><\/em><\/p>\n<table>\n<tbody>\n<tr>\n<td width=\"294\"><strong>Provincias<\/strong><\/td>\n<td width=\"131\"><strong>N\u00famero de casos<\/strong><\/td>\n<\/tr>\n<tr>\n<td width=\"294\">Copiap\u00f3<\/td>\n<td width=\"131\">100<\/td>\n<\/tr>\n<tr>\n<td width=\"294\">Huasco<\/td>\n<td width=\"131\">13<\/td>\n<\/tr>\n<tr>\n<td width=\"294\">Cha\u00f1aral<\/td>\n<td width=\"131\">130<\/td>\n<\/tr>\n<tr>\n<td width=\"294\">Otras regiones<\/td>\n<td width=\"131\">24<\/td>\n<\/tr>\n<\/tbody>\n<\/table>\n<p style=\"text-align: justify;\">\u00a0<em><strong>Fuente: COMPIN Atacama<\/strong><\/em><\/p>\n","protected":false},"excerpt":{"rendered":"<p>La p\u00e9rdida de audici\u00f3n a causa del trabajo o Hipoacusia ocupacional es la primera causa de enfermedad laboral en la regi\u00f3n de Atacama. Durante estos&hellip; <\/p>\n","protected":false},"author":2,"featured_media":634,"comment_status":"open","ping_status":"closed","sticky":false,"template":"","format":"standard","meta":{"footnotes":""},"categories":[5,7,3,4],"tags":[],"class_list":["post-631","post","type-post","status-publish","format-standard","has-post-thumbnail","hentry","category-alto-del-carmen","category-atacama","category-freirina","category-huasco"],"_links":{"self":[{"href":"https:\/\/www.radioamigavallenar.cl\/index.php?rest_route=\/wp\/v2\/posts\/631","targetHints":{"allow":["GET"]}}],"collection":[{"href":"https:\/\/www.radioamigavallenar.cl\/index.php?rest_route=\/wp\/v2\/posts"}],"about":[{"href":"https:\/\/www.radioamigavallenar.cl\/index.php?rest_route=\/wp\/v2\/types\/post"}],"author":[{"embeddable":true,"href":"https:\/\/www.radioamigavallenar.cl\/index.php?rest_route=\/wp\/v2\/users\/2"}],"replies":[{"embeddable":true,"href":"https:\/\/www.radioamigavallenar.cl\/index.php?rest_route=%2Fwp%2Fv2%2Fcomments&post=631"}],"version-history":[{"count":0,"href":"https:\/\/www.radioamigavallenar.cl\/index.php?rest_route=\/wp\/v2\/posts\/631\/revisions"}],"wp:featuredmedia":[{"embeddable":true,"href":"https:\/\/www.radioamigavallenar.cl\/index.php?rest_route=\/wp\/v2\/media\/634"}],"wp:attachment":[{"href":"https:\/\/www.radioamigavallenar.cl\/index.php?rest_route=%2Fwp%2Fv2%2Fmedia&parent=631"}],"wp:term":[{"taxonomy":"category","embeddable":true,"href":"https:\/\/www.radioamigavallenar.cl\/index.php?rest_route=%2Fwp%2Fv2%2Fcategories&post=631"},{"taxonomy":"post_tag","embeddable":true,"href":"https:\/\/www.radioamigavallenar.cl\/index.php?rest_route=%2Fwp%2Fv2%2Ftags&post=631"}],"curies":[{"name":"wp","href":"https:\/\/api.w.org\/{rel}","templated":true}]}}